{"id":20513,"date":"2019-02-01T12:00:45","date_gmt":"2019-02-01T12:00:45","guid":{"rendered":"https:\/\/www.policlinicogemelli.it\/news-eventi\/ricorre-lunedi-4-febbraio-la-giornata-mondiale-contro-il-cancro\/"},"modified":"2019-02-01T12:00:45","modified_gmt":"2019-02-01T12:00:45","slug":"ricorre-lunedi-4-febbraio-la-giornata-mondiale-contro-il-cancro","status":"publish","type":"kf_gem_news","link":"https:\/\/www.policlinicogemelli.it\/en\/news-events\/ricorre-lunedi-4-febbraio-la-giornata-mondiale-contro-il-cancro\/","title":{"rendered":"Ricorre luned\u00ec 4 febbraio la Giornata mondiale contro il cancro"},"content":{"rendered":"\n<p>Effetti Collaterali, Radio Vaticana Italia intervista Giampaolo Tortora, direttore dell&#8217;Oncologia Medica della Fondazione Policlinico Universitario Agostino Gemelli IRCCS, un bilancio sugli obiettivi raggiunti nella ricerca scientifica e per promuovere la prevenzione con conseguenti diagnosi precoci. <\/p>\n\n\n\n<p>Questa settimana su Radio Vaticana Italia, Effetti Collaterali, la rubrica settimanale realizzata in collaborazione con i medici della Fondazione Policlinico Universitario Agostino Gemelli IRCCS, &nbsp;in onda tutti i gioved\u00ec alle ore 12.15 (e in replica lo stesso giorno alle ore 17.05 e la domenica alle ore 15.00), avr\u00e0 ospite <strong>Giampaolo Tortora<\/strong>, direttore dell&#8217;Oncologia Medica della Fondazione Policlinico Universitario Agostino Gemelli IRCCS, intervistato da Eliana Astorri, in occasione della Giornata Mondiale del Cancro in programma luned\u00ec 4 febbraio. <\/p>\n\n\n\n<p><a href=\"http:\/\/bancadati.datavideo.it\/media\/20190131\/20190131-RADIO_VATICANA-EFFETTI_COLLATERALI_1215-134342412m.mp4\">Clicca qui per vedere il video<\/a><\/p>\n\n\n\n<p><a href=\"http:\/\/bancadati.datavideo.it\/media\/20190131\/20190131-RADIO_VATICANA-EFFETTI_COLLATERALI_1215-134342412m.mp4.html\">Qui per salvare il video in locale<\/a><\/p>\n\n\n\n<figure class=\"wp-block-audio aligncenter kf-Radio\"><audio controls src=\"https:\/\/media.vaticannews.va\/media\/audio\/program\/581\/effetti_collaterali_310119.mp3\"><\/audio><\/figure>\n\n\n\n<p>Ricorre il 4 febbraio, la Giornata Mondiale contro il Cancro, promossa dalla UICC (Union for International Cancer Control) e sostenuta dall\u2019Organizzazione Mondiale della Sanit\u00e0. Un\u2019occasione per fare un bilancio sugli obiettivi raggiunti nella ricerca scientifica e per promuovere la prevenzione con conseguenti diagnosi precoci. <em>\u201cPrevenzione e diagnosi precoce sono fondamentali \u2013&nbsp;<\/em>riferisce il&nbsp;<strong>professor Giampaolo Tortora, ordinario di oncologia medica della Cattolica e direttore dell\u2019UOC di oncologia medica della Fondazione Policlinico Universitario Agostino Gemelli IRCCS \u2013&nbsp;<\/strong><em>perch\u00e9 sappiamo bene che un tumore nelle fasi iniziali \u00e8 pi\u00f9 facile da eradicare sia chirurgicamente sia con le terapie mediche e radioterapiche, di quanto non lo sia un tumore in una fase avanzata. Accanto, bisogna anche dire che c\u2019\u00e8 stato uno straordinario sviluppo di tipo farmacologico per cui oggi riusciamo a bloccare e contenere anche tumori scoperti in una fase un po\u2019 pi\u00f9 avanzata. E sicuramente \u00e8 di grande rilievo il fatto che riusciamo a guarire il 60% dei tumori e a curare, e per curare intendo a produrre non solo un aumento della sopravvivenza ma anche sicuramente un importante beneficio sulla qualit\u00e0 della vita, un altro 20% circa di tumori. Quindi, progressi importantissimi rispetto a pochi anni fa. Se calcoliamo che i lungo-sopravviventi, quelli che sono sopravviventi a pi\u00f9 di cinque anni dalla diagnosi, in Italia sono quasi due milioni di persone che hanno avuto una diagnosi di tumore pi\u00f9 di cinque anni prima. Questi \u2013<\/em>&nbsp;conclude l\u2019oncologo \u2013<em>&nbsp;sono successi e risultati concreti\u201d<\/em><\/p>\n\n\n\n<p>_____________________________________________<\/p>\n\n\n\n<p><strong><em>Come seguire Radio Vaticana Italia<\/em><\/strong>:<\/p>\n\n\n\n<p>&#8211; 103.8 FM per Roma citt\u00e0&nbsp;<\/p>\n\n\n\n<p>&#8211; 105 FM per Roma e provincia<\/p>\n\n\n\n<p>&#8211; in Italia si DAB+ la radio digitale (per informazioni&nbsp;<a href=\"http:\/\/www.digitalradio.it\/\" target=\"_blank\" rel=\"noreferrer noopener\">www.digitalradio.it<\/a>) e canale tv 733<\/p>\n\n\n\n<p>&#8211; in streaming&nbsp;<a href=\"http:\/\/www.vaticannews.va\/\" target=\"_blank\" rel=\"noreferrer noopener\">www.vaticannews.va<\/a><\/p>\n\n\n\n<p>Tutte le trasmissioni sono presenti sul sito ufficiale&nbsp;<a href=\"http:\/\/www.radiovaticana.va\/\" target=\"_blank\" rel=\"noreferrer noopener\">www.radiovaticana.va<\/a><\/p>\n","protected":false},"excerpt":{"rendered":"<p>Effetti Collaterali, Radio Vaticana Italia intervista Giampaolo Tortora, direttore dell&#8217;Oncologia Medica della Fondazione Policlinico Universitario Agostino Gemelli IRCCS, un bilancio sugli obiettivi raggiunti nella ricerca scientifica e per promuovere la prevenzione con conseguenti diagnosi precoci. Questa settimana su Radio Vaticana Italia, Effetti Collaterali, la rubrica settimanale realizzata in collaborazione con i medici della Fondazione Policlinico [&hellip;]<\/p>\n","protected":false},"featured_media":0,"template":"","categorie":[93],"class_list":{"0":"post-20513","1":"kf_gem_news","2":"type-kf_gem_news","3":"status-publish","5":"kf_gem_newscat-events","6":"entry","7":"has-post-thumbnail"},"acf":[],"yoast_head":"<!-- This site is optimized with the Yoast SEO plugin v27.5 - https:\/\/yoast.com\/product\/yoast-seo-wordpress\/ -->\n<title>Ricorre luned\u00ec 4 febbraio la Giornata mondiale contro il cancro - Policlinico Universitario A. Gemelli IRCCS<\/title>\n<meta name=\"robots\" content=\"index, follow, max-snippet:-1, max-image-preview:large, max-video-preview:-1\" \/>\n<link rel=\"canonical\" href=\"https:\/\/www.policlinicogemelli.it\/en\/news-events\/ricorre-lunedi-4-febbraio-la-giornata-mondiale-contro-il-cancro\/\" \/>\n<meta property=\"og:locale\" content=\"en_US\" \/>\n<meta property=\"og:type\" content=\"article\" \/>\n<meta property=\"og:title\" content=\"Ricorre luned\u00ec 4 febbraio la Giornata mondiale contro il cancro - Policlinico Universitario A. Gemelli IRCCS\" \/>\n<meta property=\"og:description\" content=\"Effetti Collaterali, Radio Vaticana Italia intervista Giampaolo Tortora, direttore dell&#8217;Oncologia Medica della Fondazione Policlinico Universitario Agostino Gemelli IRCCS, un bilancio sugli obiettivi raggiunti nella ricerca scientifica e per promuovere la prevenzione con conseguenti diagnosi precoci. Questa settimana su Radio Vaticana Italia, Effetti Collaterali, la rubrica settimanale realizzata in collaborazione con i medici della Fondazione Policlinico [&hellip;]\" \/>\n<meta property=\"og:url\" content=\"https:\/\/www.policlinicogemelli.it\/en\/news-events\/ricorre-lunedi-4-febbraio-la-giornata-mondiale-contro-il-cancro\/\" \/>\n<meta property=\"og:site_name\" content=\"Policlinico Universitario Agostino Gemelli IRCCS\" \/>\n<meta property=\"og:image\" content=\"https:\/\/www.policlinicogemelli.it\/wp-content\/uploads\/2023\/06\/Share_Gemelli.png\" \/>\n\t<meta property=\"og:image:width\" content=\"1200\" \/>\n\t<meta property=\"og:image:height\" content=\"630\" \/>\n\t<meta property=\"og:image:type\" content=\"image\/png\" \/>\n<meta name=\"twitter:card\" content=\"summary_large_image\" \/>\n<meta name=\"twitter:label1\" content=\"Est. reading time\" \/>\n\t<meta name=\"twitter:data1\" content=\"2 minutes\" \/>\n<script type=\"application\/ld+json\" class=\"yoast-schema-graph\">{\"@context\":\"https:\\\/\\\/schema.org\",\"@graph\":[{\"@type\":\"WebPage\",\"@id\":\"https:\\\/\\\/www.policlinicogemelli.it\\\/en\\\/news-events\\\/ricorre-lunedi-4-febbraio-la-giornata-mondiale-contro-il-cancro\\\/\",\"url\":\"https:\\\/\\\/www.policlinicogemelli.it\\\/en\\\/news-events\\\/ricorre-lunedi-4-febbraio-la-giornata-mondiale-contro-il-cancro\\\/\",\"name\":\"Ricorre luned\u00ec 4 febbraio la Giornata mondiale contro il cancro - Policlinico Universitario A. Gemelli IRCCS\",\"isPartOf\":{\"@id\":\"https:\\\/\\\/www.policlinicogemelli.it\\\/en\\\/#website\"},\"datePublished\":\"2019-02-01T12:00:45+00:00\",\"breadcrumb\":{\"@id\":\"https:\\\/\\\/www.policlinicogemelli.it\\\/en\\\/news-events\\\/ricorre-lunedi-4-febbraio-la-giornata-mondiale-contro-il-cancro\\\/#breadcrumb\"},\"inLanguage\":\"en-US\",\"potentialAction\":[{\"@type\":\"ReadAction\",\"target\":[\"https:\\\/\\\/www.policlinicogemelli.it\\\/en\\\/news-events\\\/ricorre-lunedi-4-febbraio-la-giornata-mondiale-contro-il-cancro\\\/\"]}]},{\"@type\":\"BreadcrumbList\",\"@id\":\"https:\\\/\\\/www.policlinicogemelli.it\\\/en\\\/news-events\\\/ricorre-lunedi-4-febbraio-la-giornata-mondiale-contro-il-cancro\\\/#breadcrumb\",\"itemListElement\":[{\"@type\":\"ListItem\",\"position\":1,\"name\":\"Home\",\"item\":\"https:\\\/\\\/www.policlinicogemelli.it\\\/en\\\/\"},{\"@type\":\"ListItem\",\"position\":2,\"name\":\"News and Events\",\"item\":\"https:\\\/\\\/www.policlinicogemelli.it\\\/en\\\/news-events\\\/\"},{\"@type\":\"ListItem\",\"position\":3,\"name\":\"Ricorre luned\u00ec 4 febbraio la Giornata mondiale contro il cancro\"}]},{\"@type\":\"WebSite\",\"@id\":\"https:\\\/\\\/www.policlinicogemelli.it\\\/en\\\/#website\",\"url\":\"https:\\\/\\\/www.policlinicogemelli.it\\\/en\\\/\",\"name\":\"Policlinico Universitario Agostino Gemelli IRCCS\",\"description\":\"Policlinico Universitario Agostino Gemelli IRCCS\",\"publisher\":{\"@id\":\"https:\\\/\\\/www.policlinicogemelli.it\\\/en\\\/#organization\"},\"potentialAction\":[{\"@type\":\"SearchAction\",\"target\":{\"@type\":\"EntryPoint\",\"urlTemplate\":\"https:\\\/\\\/www.policlinicogemelli.it\\\/en\\\/?s={search_term_string}\"},\"query-input\":{\"@type\":\"PropertyValueSpecification\",\"valueRequired\":true,\"valueName\":\"search_term_string\"}}],\"inLanguage\":\"en-US\"},{\"@type\":\"Organization\",\"@id\":\"https:\\\/\\\/www.policlinicogemelli.it\\\/en\\\/#organization\",\"name\":\"Policlinico Universitario Agostino Gemelli IRCCS\",\"url\":\"https:\\\/\\\/www.policlinicogemelli.it\\\/en\\\/\",\"logo\":{\"@type\":\"ImageObject\",\"inLanguage\":\"en-US\",\"@id\":\"https:\\\/\\\/www.policlinicogemelli.it\\\/en\\\/#\\\/schema\\\/logo\\\/image\\\/\",\"url\":\"https:\\\/\\\/www.policlinicogemelli.it\\\/wp-content\\\/uploads\\\/2019\\\/02\\\/logo-policlinico-gemelli-250-trasp-color-1.png\",\"contentUrl\":\"https:\\\/\\\/www.policlinicogemelli.it\\\/wp-content\\\/uploads\\\/2019\\\/02\\\/logo-policlinico-gemelli-250-trasp-color-1.png\",\"width\":250,\"height\":82,\"caption\":\"Policlinico Universitario Agostino Gemelli IRCCS\"},\"image\":{\"@id\":\"https:\\\/\\\/www.policlinicogemelli.it\\\/en\\\/#\\\/schema\\\/logo\\\/image\\\/\"}}]}<\/script>\n<!-- \/ Yoast SEO plugin. -->","yoast_head_json":{"title":"Ricorre luned\u00ec 4 febbraio la Giornata mondiale contro il cancro - Policlinico Universitario A. Gemelli IRCCS","robots":{"index":"index","follow":"follow","max-snippet":"max-snippet:-1","max-image-preview":"max-image-preview:large","max-video-preview":"max-video-preview:-1"},"canonical":"https:\/\/www.policlinicogemelli.it\/en\/news-events\/ricorre-lunedi-4-febbraio-la-giornata-mondiale-contro-il-cancro\/","og_locale":"en_US","og_type":"article","og_title":"Ricorre luned\u00ec 4 febbraio la Giornata mondiale contro il cancro - Policlinico Universitario A. Gemelli IRCCS","og_description":"Effetti Collaterali, Radio Vaticana Italia intervista Giampaolo Tortora, direttore dell&#8217;Oncologia Medica della Fondazione Policlinico Universitario Agostino Gemelli IRCCS, un bilancio sugli obiettivi raggiunti nella ricerca scientifica e per promuovere la prevenzione con conseguenti diagnosi precoci. Questa settimana su Radio Vaticana Italia, Effetti Collaterali, la rubrica settimanale realizzata in collaborazione con i medici della Fondazione Policlinico [&hellip;]","og_url":"https:\/\/www.policlinicogemelli.it\/en\/news-events\/ricorre-lunedi-4-febbraio-la-giornata-mondiale-contro-il-cancro\/","og_site_name":"Policlinico Universitario Agostino Gemelli IRCCS","og_image":[{"width":1200,"height":630,"url":"https:\/\/www.policlinicogemelli.it\/wp-content\/uploads\/2023\/06\/Share_Gemelli.png","type":"image\/png"}],"twitter_card":"summary_large_image","twitter_misc":{"Est. reading time":"2 minutes"},"schema":{"@context":"https:\/\/schema.org","@graph":[{"@type":"WebPage","@id":"https:\/\/www.policlinicogemelli.it\/en\/news-events\/ricorre-lunedi-4-febbraio-la-giornata-mondiale-contro-il-cancro\/","url":"https:\/\/www.policlinicogemelli.it\/en\/news-events\/ricorre-lunedi-4-febbraio-la-giornata-mondiale-contro-il-cancro\/","name":"Ricorre luned\u00ec 4 febbraio la Giornata mondiale contro il cancro - Policlinico Universitario A. Gemelli IRCCS","isPartOf":{"@id":"https:\/\/www.policlinicogemelli.it\/en\/#website"},"datePublished":"2019-02-01T12:00:45+00:00","breadcrumb":{"@id":"https:\/\/www.policlinicogemelli.it\/en\/news-events\/ricorre-lunedi-4-febbraio-la-giornata-mondiale-contro-il-cancro\/#breadcrumb"},"inLanguage":"en-US","potentialAction":[{"@type":"ReadAction","target":["https:\/\/www.policlinicogemelli.it\/en\/news-events\/ricorre-lunedi-4-febbraio-la-giornata-mondiale-contro-il-cancro\/"]}]},{"@type":"BreadcrumbList","@id":"https:\/\/www.policlinicogemelli.it\/en\/news-events\/ricorre-lunedi-4-febbraio-la-giornata-mondiale-contro-il-cancro\/#breadcrumb","itemListElement":[{"@type":"ListItem","position":1,"name":"Home","item":"https:\/\/www.policlinicogemelli.it\/en\/"},{"@type":"ListItem","position":2,"name":"News and Events","item":"https:\/\/www.policlinicogemelli.it\/en\/news-events\/"},{"@type":"ListItem","position":3,"name":"Ricorre luned\u00ec 4 febbraio la Giornata mondiale contro il cancro"}]},{"@type":"WebSite","@id":"https:\/\/www.policlinicogemelli.it\/en\/#website","url":"https:\/\/www.policlinicogemelli.it\/en\/","name":"Policlinico Universitario Agostino Gemelli IRCCS","description":"Policlinico Universitario Agostino Gemelli IRCCS","publisher":{"@id":"https:\/\/www.policlinicogemelli.it\/en\/#organization"},"potentialAction":[{"@type":"SearchAction","target":{"@type":"EntryPoint","urlTemplate":"https:\/\/www.policlinicogemelli.it\/en\/?s={search_term_string}"},"query-input":{"@type":"PropertyValueSpecification","valueRequired":true,"valueName":"search_term_string"}}],"inLanguage":"en-US"},{"@type":"Organization","@id":"https:\/\/www.policlinicogemelli.it\/en\/#organization","name":"Policlinico Universitario Agostino Gemelli IRCCS","url":"https:\/\/www.policlinicogemelli.it\/en\/","logo":{"@type":"ImageObject","inLanguage":"en-US","@id":"https:\/\/www.policlinicogemelli.it\/en\/#\/schema\/logo\/image\/","url":"https:\/\/www.policlinicogemelli.it\/wp-content\/uploads\/2019\/02\/logo-policlinico-gemelli-250-trasp-color-1.png","contentUrl":"https:\/\/www.policlinicogemelli.it\/wp-content\/uploads\/2019\/02\/logo-policlinico-gemelli-250-trasp-color-1.png","width":250,"height":82,"caption":"Policlinico Universitario Agostino Gemelli IRCCS"},"image":{"@id":"https:\/\/www.policlinicogemelli.it\/en\/#\/schema\/logo\/image\/"}}]}},"rest_api_enabler":[],"_links":{"self":[{"href":"https:\/\/www.policlinicogemelli.it\/en\/wp-json\/wp\/v2\/news\/20513","targetHints":{"allow":["GET"]}}],"collection":[{"href":"https:\/\/www.policlinicogemelli.it\/en\/wp-json\/wp\/v2\/news"}],"about":[{"href":"https:\/\/www.policlinicogemelli.it\/en\/wp-json\/wp\/v2\/types\/kf_gem_news"}],"version-history":[{"count":0,"href":"https:\/\/www.policlinicogemelli.it\/en\/wp-json\/wp\/v2\/news\/20513\/revisions"}],"wp:attachment":[{"href":"https:\/\/www.policlinicogemelli.it\/en\/wp-json\/wp\/v2\/media?parent=20513"}],"wp:term":[{"taxonomy":"kf_gem_newscat","embeddable":true,"href":"https:\/\/www.policlinicogemelli.it\/en\/wp-json\/wp\/v2\/categorie?post=20513"}],"curies":[{"name":"wp","href":"https:\/\/api.w.org\/{rel}","templated":true}]}}