{"id":20512,"date":"2019-02-01T12:00:24","date_gmt":"2019-02-01T12:00:24","guid":{"rendered":"https:\/\/www.policlinicogemelli.it\/news-eventi\/giornata-mondiale-del-malato-al-policlinico-universitario-a-gemelli-irccs-un-itinerario-spirituale-e-culturale-sui-temi-della-vita-e-della-cura-lunedi-11-febbraio-tavola-rotonda-con-riflessioni-e-t\/"},"modified":"2019-02-01T12:00:24","modified_gmt":"2019-02-01T12:00:24","slug":"giornata-mondiale-del-malato-al-policlinico-universitario-a-gemelli-irccs-un-itinerario-spirituale-e-culturale-sui-temi-della-vita-e-della-cura-lunedi-11-febbraio-tavola-rotonda-con-riflessioni-e-t","status":"publish","type":"kf_gem_news","link":"https:\/\/www.policlinicogemelli.it\/en\/news-events\/giornata-mondiale-del-malato-al-policlinico-universitario-a-gemelli-irccs-un-itinerario-spirituale-e-culturale-sui-temi-della-vita-e-della-cura-lunedi-11-febbraio-tavola-rotonda-con-riflessioni-e-t\/","title":{"rendered":"Giornata Mondiale del Malato, luned\u00ec 11 febbraio tavola rotonda con riflessioni e testimonianze"},"content":{"rendered":"\n<p>Il Centro Pastorale dell\u2019Universit\u00e0 Cattolica e la Cappellania ospedaliera promuovono una serie di incontri di riflessione, preghiera, cultura e testimonianza. Domenica 3 febbraio ore 17.00 la celebrazione eucaristica presieduta da S. E. Mons. Paolo Ricciardi. Luned\u00ec 11 febbraio ore 17.00 la celebrazione eucaristica presieduta da S. E. Mons. Claudio Giuliodori. <\/p>\n\n\n\n<p><strong>Un itinerario spirituale e culturale, promosso dal Centro Pastorale dell\u2019Universit\u00e0 Cattolica e dalla Cappellania ospedaliera, che nel corso dei giorni riunir\u00e0 i malati, le famiglie, i visitatori e tutta la comunit\u00e0 di medici, personale e studenti attorno ai temi della vita e della persona malata: questa l\u2019iniziativa che avr\u00e0 inizio domenica 3 febbraio, 42ma Giornata Nazionale per la vita, alle ore 15.30 con l\u2019incontro \u201cL\u2019abbraccio alla vita fragile genera futuro &#8211; Testimonianze sulla vita nascente e sull\u2019anzianit\u00e0\u201d, nella Hall della Fondazione Policlinico Universitario Agostino Gemelli IRCCS, per concludersi luned\u00ec 11 febbraio, 27ma Giornata Mondiale del malato.<\/strong><\/p>\n\n\n\n<p>A conclusione della prima giornata, <strong>alle ore 17.00 nella Hall del Policlinico<\/strong>, si terr\u00e0 la&nbsp;<strong>Celebrazione Eucaristica<\/strong>, presieduta da<strong>&nbsp;S. E. Mons. Paolo Ricciardi<\/strong>, Vescovo Ausiliare Delegato per la Pastorale Sanitaria della Diocesi di Roma. <\/p>\n\n\n\n<p><strong>Marted\u00ec 5 febbraio, alle ore 16.00 presso la sala Medicinema&nbsp;<\/strong>(piano 8\u00b0, ala A del Policlinico) si terr\u00e0 un Cineforum con la proiezione del film \u201cPassione di Bernadette\u201d. <\/p>\n\n\n\n<p><strong>Mercoled\u00ec 6 febbraio alle ore 18.00 presso la Cappella \u201cSan Giuseppe Moscati\u201d (<\/strong>3\u00b0 piano Policlinico) le Associazioni di Volontariato che operano all\u2019interno dei reparti dell\u2019ospedale animeranno un&nbsp;<strong>Incontro di preghiera e di riflessione<\/strong>. <\/p>\n\n\n\n<p><strong>Sabato 9 febbraio alle ore 17.00 nella Cappella \u201cSan Giovanni Paolo II\u201d&nbsp;<\/strong>(2\u00b0 piano Policlinico) sar\u00e0 celebrata la&nbsp;<strong>Santa Messa con il rito dell\u2019Unzione degli Infermi.<\/strong><\/p>\n\n\n\n<p><strong>Domenica 10 febbraio&nbsp;<\/strong>la comunit\u00e0 universitaria e ospedaliera parteciper\u00e0 alla&nbsp;<strong>Celebrazione Diocesana del malato<\/strong>, presso il Santuario del Divino Amore a Roma. <\/p>\n\n\n\n<p>L\u2019itinerario spirituale e di riflessione culminer\u00e0 nella giornata di <strong>luned\u00ec 11 febbraio: alle ore 15.30<\/strong>, nella Hall della Fondazione Policlinico Universitario Agostino Gemelli IRCCS, si terr\u00e0 la&nbsp;<strong>Presentazione del Messaggio del Santo Padre per la XXVII Giornata Mondiale del Malato<\/strong>&nbsp;con l\u2019intervento di&nbsp;<strong>S. E. Mons. Claudio Giuliodori<\/strong>, Assistente Ecclesiastico generale dell\u2019Universit\u00e0 Cattolica. A seguire si svolger\u00e0 la&nbsp;<strong>Tavola rotonda \u201cMemoria e gratuit\u00e0 nella storia del Policlinico\u201d<\/strong>, moderata da&nbsp;<strong>Don Francesco Dell\u2019Orco<\/strong>, Assistente Pastorale dell\u2019Universit\u00e0 Cattolica, con testimonianze di professori, medici, volontari, Cappellani e Suore di Maria Bambina sull\u2019assistenza alla persona malata nel corso della storia del Policlinico Gemelli. <\/p>\n\n\n\n<p>La giornata si concluder\u00e0 alle <strong>ore 17.00 nella Hall del Policlinico<\/strong>&nbsp;con la Celebrazione Eucaristica presieduta da&nbsp;<strong>S. E. Mons. Claudio Giuliodori<\/strong>. <\/p>\n","protected":false},"excerpt":{"rendered":"<p>Il Centro Pastorale dell\u2019Universit\u00e0 Cattolica e la Cappellania ospedaliera promuovono una serie di incontri di riflessione, preghiera, cultura e testimonianza. Domenica 3 febbraio ore 17.00 la celebrazione eucaristica presieduta da S. E. Mons. Paolo Ricciardi. Luned\u00ec 11 febbraio ore 17.00 la celebrazione eucaristica presieduta da S. E. Mons. Claudio Giuliodori. Un itinerario spirituale e culturale, [&hellip;]<\/p>\n","protected":false},"featured_media":0,"template":"","categorie":[93],"class_list":{"0":"post-20512","1":"kf_gem_news","2":"type-kf_gem_news","3":"status-publish","5":"kf_gem_newscat-events","6":"entry","7":"has-post-thumbnail"},"acf":[],"yoast_head":"<!-- This site is optimized with the Yoast SEO plugin v27.5 - https:\/\/yoast.com\/product\/yoast-seo-wordpress\/ -->\n<title>Giornata Mondiale del Malato, luned\u00ec 11 febbraio tavola rotonda con riflessioni e testimonianze - Policlinico Universitario A. Gemelli IRCCS<\/title>\n<meta name=\"robots\" content=\"index, follow, max-snippet:-1, max-image-preview:large, max-video-preview:-1\" \/>\n<link rel=\"canonical\" href=\"https:\/\/www.policlinicogemelli.it\/en\/news-events\/giornata-mondiale-del-malato-al-policlinico-universitario-a-gemelli-irccs-un-itinerario-spirituale-e-culturale-sui-temi-della-vita-e-della-cura-lunedi-11-febbraio-tavola-rotonda-con-riflessioni-e-t\/\" \/>\n<meta property=\"og:locale\" content=\"en_US\" \/>\n<meta property=\"og:type\" content=\"article\" \/>\n<meta property=\"og:title\" content=\"Giornata Mondiale del Malato, luned\u00ec 11 febbraio tavola rotonda con riflessioni e testimonianze - Policlinico Universitario A. Gemelli IRCCS\" \/>\n<meta property=\"og:description\" content=\"Il Centro Pastorale dell\u2019Universit\u00e0 Cattolica e la Cappellania ospedaliera promuovono una serie di incontri di riflessione, preghiera, cultura e testimonianza. Domenica 3 febbraio ore 17.00 la celebrazione eucaristica presieduta da S. E. Mons. Paolo Ricciardi. Luned\u00ec 11 febbraio ore 17.00 la celebrazione eucaristica presieduta da S. E. Mons. Claudio Giuliodori. Un itinerario spirituale e culturale, [&hellip;]\" \/>\n<meta property=\"og:url\" content=\"https:\/\/www.policlinicogemelli.it\/en\/news-events\/giornata-mondiale-del-malato-al-policlinico-universitario-a-gemelli-irccs-un-itinerario-spirituale-e-culturale-sui-temi-della-vita-e-della-cura-lunedi-11-febbraio-tavola-rotonda-con-riflessioni-e-t\/\" \/>\n<meta property=\"og:site_name\" content=\"Policlinico Universitario Agostino Gemelli IRCCS\" \/>\n<meta property=\"og:image\" content=\"https:\/\/www.policlinicogemelli.it\/wp-content\/uploads\/2023\/06\/Share_Gemelli.png\" \/>\n\t<meta property=\"og:image:width\" content=\"1200\" \/>\n\t<meta property=\"og:image:height\" content=\"630\" \/>\n\t<meta property=\"og:image:type\" content=\"image\/png\" \/>\n<meta name=\"twitter:card\" content=\"summary_large_image\" \/>\n<meta name=\"twitter:label1\" content=\"Est. reading time\" \/>\n\t<meta name=\"twitter:data1\" content=\"2 minutes\" \/>\n<script type=\"application\/ld+json\" class=\"yoast-schema-graph\">{\"@context\":\"https:\\\/\\\/schema.org\",\"@graph\":[{\"@type\":\"WebPage\",\"@id\":\"https:\\\/\\\/www.policlinicogemelli.it\\\/en\\\/news-events\\\/giornata-mondiale-del-malato-al-policlinico-universitario-a-gemelli-irccs-un-itinerario-spirituale-e-culturale-sui-temi-della-vita-e-della-cura-lunedi-11-febbraio-tavola-rotonda-con-riflessioni-e-t\\\/\",\"url\":\"https:\\\/\\\/www.policlinicogemelli.it\\\/en\\\/news-events\\\/giornata-mondiale-del-malato-al-policlinico-universitario-a-gemelli-irccs-un-itinerario-spirituale-e-culturale-sui-temi-della-vita-e-della-cura-lunedi-11-febbraio-tavola-rotonda-con-riflessioni-e-t\\\/\",\"name\":\"Giornata Mondiale del Malato, luned\u00ec 11 febbraio tavola rotonda con riflessioni e testimonianze - Policlinico Universitario A. Gemelli IRCCS\",\"isPartOf\":{\"@id\":\"https:\\\/\\\/www.policlinicogemelli.it\\\/en\\\/#website\"},\"datePublished\":\"2019-02-01T12:00:24+00:00\",\"breadcrumb\":{\"@id\":\"https:\\\/\\\/www.policlinicogemelli.it\\\/en\\\/news-events\\\/giornata-mondiale-del-malato-al-policlinico-universitario-a-gemelli-irccs-un-itinerario-spirituale-e-culturale-sui-temi-della-vita-e-della-cura-lunedi-11-febbraio-tavola-rotonda-con-riflessioni-e-t\\\/#breadcrumb\"},\"inLanguage\":\"en-US\",\"potentialAction\":[{\"@type\":\"ReadAction\",\"target\":[\"https:\\\/\\\/www.policlinicogemelli.it\\\/en\\\/news-events\\\/giornata-mondiale-del-malato-al-policlinico-universitario-a-gemelli-irccs-un-itinerario-spirituale-e-culturale-sui-temi-della-vita-e-della-cura-lunedi-11-febbraio-tavola-rotonda-con-riflessioni-e-t\\\/\"]}]},{\"@type\":\"BreadcrumbList\",\"@id\":\"https:\\\/\\\/www.policlinicogemelli.it\\\/en\\\/news-events\\\/giornata-mondiale-del-malato-al-policlinico-universitario-a-gemelli-irccs-un-itinerario-spirituale-e-culturale-sui-temi-della-vita-e-della-cura-lunedi-11-febbraio-tavola-rotonda-con-riflessioni-e-t\\\/#breadcrumb\",\"itemListElement\":[{\"@type\":\"ListItem\",\"position\":1,\"name\":\"Home\",\"item\":\"https:\\\/\\\/www.policlinicogemelli.it\\\/en\\\/\"},{\"@type\":\"ListItem\",\"position\":2,\"name\":\"News and Events\",\"item\":\"https:\\\/\\\/www.policlinicogemelli.it\\\/en\\\/news-events\\\/\"},{\"@type\":\"ListItem\",\"position\":3,\"name\":\"Giornata Mondiale del Malato, luned\u00ec 11 febbraio tavola rotonda con riflessioni e testimonianze\"}]},{\"@type\":\"WebSite\",\"@id\":\"https:\\\/\\\/www.policlinicogemelli.it\\\/en\\\/#website\",\"url\":\"https:\\\/\\\/www.policlinicogemelli.it\\\/en\\\/\",\"name\":\"Policlinico Universitario Agostino Gemelli IRCCS\",\"description\":\"Policlinico Universitario Agostino Gemelli IRCCS\",\"publisher\":{\"@id\":\"https:\\\/\\\/www.policlinicogemelli.it\\\/en\\\/#organization\"},\"potentialAction\":[{\"@type\":\"SearchAction\",\"target\":{\"@type\":\"EntryPoint\",\"urlTemplate\":\"https:\\\/\\\/www.policlinicogemelli.it\\\/en\\\/?s={search_term_string}\"},\"query-input\":{\"@type\":\"PropertyValueSpecification\",\"valueRequired\":true,\"valueName\":\"search_term_string\"}}],\"inLanguage\":\"en-US\"},{\"@type\":\"Organization\",\"@id\":\"https:\\\/\\\/www.policlinicogemelli.it\\\/en\\\/#organization\",\"name\":\"Policlinico Universitario Agostino Gemelli IRCCS\",\"url\":\"https:\\\/\\\/www.policlinicogemelli.it\\\/en\\\/\",\"logo\":{\"@type\":\"ImageObject\",\"inLanguage\":\"en-US\",\"@id\":\"https:\\\/\\\/www.policlinicogemelli.it\\\/en\\\/#\\\/schema\\\/logo\\\/image\\\/\",\"url\":\"https:\\\/\\\/www.policlinicogemelli.it\\\/wp-content\\\/uploads\\\/2019\\\/02\\\/logo-policlinico-gemelli-250-trasp-color-1.png\",\"contentUrl\":\"https:\\\/\\\/www.policlinicogemelli.it\\\/wp-content\\\/uploads\\\/2019\\\/02\\\/logo-policlinico-gemelli-250-trasp-color-1.png\",\"width\":250,\"height\":82,\"caption\":\"Policlinico Universitario Agostino Gemelli IRCCS\"},\"image\":{\"@id\":\"https:\\\/\\\/www.policlinicogemelli.it\\\/en\\\/#\\\/schema\\\/logo\\\/image\\\/\"}}]}<\/script>\n<!-- \/ Yoast SEO plugin. -->","yoast_head_json":{"title":"Giornata Mondiale del Malato, luned\u00ec 11 febbraio tavola rotonda con riflessioni e testimonianze - Policlinico Universitario A. Gemelli IRCCS","robots":{"index":"index","follow":"follow","max-snippet":"max-snippet:-1","max-image-preview":"max-image-preview:large","max-video-preview":"max-video-preview:-1"},"canonical":"https:\/\/www.policlinicogemelli.it\/en\/news-events\/giornata-mondiale-del-malato-al-policlinico-universitario-a-gemelli-irccs-un-itinerario-spirituale-e-culturale-sui-temi-della-vita-e-della-cura-lunedi-11-febbraio-tavola-rotonda-con-riflessioni-e-t\/","og_locale":"en_US","og_type":"article","og_title":"Giornata Mondiale del Malato, luned\u00ec 11 febbraio tavola rotonda con riflessioni e testimonianze - Policlinico Universitario A. Gemelli IRCCS","og_description":"Il Centro Pastorale dell\u2019Universit\u00e0 Cattolica e la Cappellania ospedaliera promuovono una serie di incontri di riflessione, preghiera, cultura e testimonianza. Domenica 3 febbraio ore 17.00 la celebrazione eucaristica presieduta da S. E. Mons. Paolo Ricciardi. Luned\u00ec 11 febbraio ore 17.00 la celebrazione eucaristica presieduta da S. E. Mons. Claudio Giuliodori. Un itinerario spirituale e culturale, [&hellip;]","og_url":"https:\/\/www.policlinicogemelli.it\/en\/news-events\/giornata-mondiale-del-malato-al-policlinico-universitario-a-gemelli-irccs-un-itinerario-spirituale-e-culturale-sui-temi-della-vita-e-della-cura-lunedi-11-febbraio-tavola-rotonda-con-riflessioni-e-t\/","og_site_name":"Policlinico Universitario Agostino Gemelli IRCCS","og_image":[{"width":1200,"height":630,"url":"https:\/\/www.policlinicogemelli.it\/wp-content\/uploads\/2023\/06\/Share_Gemelli.png","type":"image\/png"}],"twitter_card":"summary_large_image","twitter_misc":{"Est. reading time":"2 minutes"},"schema":{"@context":"https:\/\/schema.org","@graph":[{"@type":"WebPage","@id":"https:\/\/www.policlinicogemelli.it\/en\/news-events\/giornata-mondiale-del-malato-al-policlinico-universitario-a-gemelli-irccs-un-itinerario-spirituale-e-culturale-sui-temi-della-vita-e-della-cura-lunedi-11-febbraio-tavola-rotonda-con-riflessioni-e-t\/","url":"https:\/\/www.policlinicogemelli.it\/en\/news-events\/giornata-mondiale-del-malato-al-policlinico-universitario-a-gemelli-irccs-un-itinerario-spirituale-e-culturale-sui-temi-della-vita-e-della-cura-lunedi-11-febbraio-tavola-rotonda-con-riflessioni-e-t\/","name":"Giornata Mondiale del Malato, luned\u00ec 11 febbraio tavola rotonda con riflessioni e testimonianze - Policlinico Universitario A. Gemelli IRCCS","isPartOf":{"@id":"https:\/\/www.policlinicogemelli.it\/en\/#website"},"datePublished":"2019-02-01T12:00:24+00:00","breadcrumb":{"@id":"https:\/\/www.policlinicogemelli.it\/en\/news-events\/giornata-mondiale-del-malato-al-policlinico-universitario-a-gemelli-irccs-un-itinerario-spirituale-e-culturale-sui-temi-della-vita-e-della-cura-lunedi-11-febbraio-tavola-rotonda-con-riflessioni-e-t\/#breadcrumb"},"inLanguage":"en-US","potentialAction":[{"@type":"ReadAction","target":["https:\/\/www.policlinicogemelli.it\/en\/news-events\/giornata-mondiale-del-malato-al-policlinico-universitario-a-gemelli-irccs-un-itinerario-spirituale-e-culturale-sui-temi-della-vita-e-della-cura-lunedi-11-febbraio-tavola-rotonda-con-riflessioni-e-t\/"]}]},{"@type":"BreadcrumbList","@id":"https:\/\/www.policlinicogemelli.it\/en\/news-events\/giornata-mondiale-del-malato-al-policlinico-universitario-a-gemelli-irccs-un-itinerario-spirituale-e-culturale-sui-temi-della-vita-e-della-cura-lunedi-11-febbraio-tavola-rotonda-con-riflessioni-e-t\/#breadcrumb","itemListElement":[{"@type":"ListItem","position":1,"name":"Home","item":"https:\/\/www.policlinicogemelli.it\/en\/"},{"@type":"ListItem","position":2,"name":"News and Events","item":"https:\/\/www.policlinicogemelli.it\/en\/news-events\/"},{"@type":"ListItem","position":3,"name":"Giornata Mondiale del Malato, luned\u00ec 11 febbraio tavola rotonda con riflessioni e testimonianze"}]},{"@type":"WebSite","@id":"https:\/\/www.policlinicogemelli.it\/en\/#website","url":"https:\/\/www.policlinicogemelli.it\/en\/","name":"Policlinico Universitario Agostino Gemelli IRCCS","description":"Policlinico Universitario Agostino Gemelli IRCCS","publisher":{"@id":"https:\/\/www.policlinicogemelli.it\/en\/#organization"},"potentialAction":[{"@type":"SearchAction","target":{"@type":"EntryPoint","urlTemplate":"https:\/\/www.policlinicogemelli.it\/en\/?s={search_term_string}"},"query-input":{"@type":"PropertyValueSpecification","valueRequired":true,"valueName":"search_term_string"}}],"inLanguage":"en-US"},{"@type":"Organization","@id":"https:\/\/www.policlinicogemelli.it\/en\/#organization","name":"Policlinico Universitario Agostino Gemelli IRCCS","url":"https:\/\/www.policlinicogemelli.it\/en\/","logo":{"@type":"ImageObject","inLanguage":"en-US","@id":"https:\/\/www.policlinicogemelli.it\/en\/#\/schema\/logo\/image\/","url":"https:\/\/www.policlinicogemelli.it\/wp-content\/uploads\/2019\/02\/logo-policlinico-gemelli-250-trasp-color-1.png","contentUrl":"https:\/\/www.policlinicogemelli.it\/wp-content\/uploads\/2019\/02\/logo-policlinico-gemelli-250-trasp-color-1.png","width":250,"height":82,"caption":"Policlinico Universitario Agostino Gemelli IRCCS"},"image":{"@id":"https:\/\/www.policlinicogemelli.it\/en\/#\/schema\/logo\/image\/"}}]}},"rest_api_enabler":[],"_links":{"self":[{"href":"https:\/\/www.policlinicogemelli.it\/en\/wp-json\/wp\/v2\/news\/20512","targetHints":{"allow":["GET"]}}],"collection":[{"href":"https:\/\/www.policlinicogemelli.it\/en\/wp-json\/wp\/v2\/news"}],"about":[{"href":"https:\/\/www.policlinicogemelli.it\/en\/wp-json\/wp\/v2\/types\/kf_gem_news"}],"version-history":[{"count":0,"href":"https:\/\/www.policlinicogemelli.it\/en\/wp-json\/wp\/v2\/news\/20512\/revisions"}],"wp:attachment":[{"href":"https:\/\/www.policlinicogemelli.it\/en\/wp-json\/wp\/v2\/media?parent=20512"}],"wp:term":[{"taxonomy":"kf_gem_newscat","embeddable":true,"href":"https:\/\/www.policlinicogemelli.it\/en\/wp-json\/wp\/v2\/categorie?post=20512"}],"curies":[{"name":"wp","href":"https:\/\/api.w.org\/{rel}","templated":true}]}}