{"id":20511,"date":"2019-01-29T16:21:09","date_gmt":"2019-01-29T16:21:09","guid":{"rendered":"https:\/\/www.policlinicogemelli.it\/news-eventi\/al-gemelli-un-natale-di-festa-per-pazienti-e-operatori-nel-segno-di-solidarieta-e-speranza\/"},"modified":"2019-01-29T16:21:09","modified_gmt":"2019-01-29T16:21:09","slug":"al-gemelli-un-natale-di-festa-per-pazienti-e-operatori-nel-segno-di-solidarieta-e-speranza","status":"publish","type":"kf_gem_news","link":"https:\/\/www.policlinicogemelli.it\/en\/news-events\/al-gemelli-un-natale-di-festa-per-pazienti-e-operatori-nel-segno-di-solidarieta-e-speranza\/","title":{"rendered":"Al Gemelli un Natale di festa per pazienti e\u2026 operatori, nel segno di solidariet\u00e0 e speranza"},"content":{"rendered":"\n<p>Come ogni anno, anche in occasione di quest\u2019ultimo Natale, il Policlinico Universitario Agostino Gemelli IRCCS \u00e8 stato teatro di tutta una serie di iniziative di solidariet\u00e0 che hanno inteso allietare le festivit\u00e0 di pazienti, operatori sanitari e non solo. Particolarmente toccanti, e non poteva essere altrimenti, quelle dedicate in maniera specifica ai piccoli malati. Non \u00e8 mancato poi l\u2019appuntamento canonico, organizzato nella Hall del Gemelli, che ha visto protagonisti tanti personaggi del mondo dello spettacolo, che hanno festeggiato insieme a pazienti e personale sanitario. Abbiamo deciso di raccogliere i momenti pi\u00f9 significativi di tutte queste iniziative in una serie di foto che, come in un ideale album di famiglia, vogliono essere un bel ricordo di una festa passata, ma anche il caloroso auspicio di un anno migliore per tutti.<\/p>\n\n\n\n<ul class=\"wp-block-gallery columns-3 is-cropped wp-block-gallery-1 is-layout-flex wp-block-gallery-is-layout-flex\"><li class=\"blocks-gallery-item\"><figure><img loading=\"lazy\" decoding=\"async\" width=\"791\" height=\"915\" src=\"https:\/\/www.policlinicogemelli.it\/wp-content\/uploads\/2019\/06\/14_polaroid.jpg\" alt=\"\" data-id=\"6400\" data-link=\"https:\/\/www.policlinicogemelli.it\/?attachment_id=6400\" class=\"wp-image-6400\" srcset=\"https:\/\/www.policlinicogemelli.it\/wp-content\/uploads\/2019\/06\/14_polaroid.jpg 791w, https:\/\/www.policlinicogemelli.it\/wp-content\/uploads\/2019\/06\/14_polaroid-259x300.jpg 259w, https:\/\/www.policlinicogemelli.it\/wp-content\/uploads\/2019\/06\/14_polaroid-768x888.jpg 768w, https:\/\/www.policlinicogemelli.it\/wp-content\/uploads\/2019\/06\/14_polaroid-428x495.jpg 428w, https:\/\/www.policlinicogemelli.it\/wp-content\/uploads\/2019\/06\/14_polaroid-177x205.jpg 177w, https:\/\/www.policlinicogemelli.it\/wp-content\/uploads\/2019\/06\/14_polaroid-400x463.jpg 400w\" sizes=\"auto, (max-width: 791px) 100vw, 791px\" \/><\/figure><\/li><li class=\"blocks-gallery-item\"><figure><img loading=\"lazy\" decoding=\"async\" width=\"826\" height=\"903\" src=\"https:\/\/www.policlinicogemelli.it\/wp-content\/uploads\/2019\/06\/16_polaroid.jpg\" alt=\"\" data-id=\"6401\" data-link=\"https:\/\/www.policlinicogemelli.it\/?attachment_id=6401\" class=\"wp-image-6401\" srcset=\"https:\/\/www.policlinicogemelli.it\/wp-content\/uploads\/2019\/06\/16_polaroid.jpg 826w, https:\/\/www.policlinicogemelli.it\/wp-content\/uploads\/2019\/06\/16_polaroid-274x300.jpg 274w, https:\/\/www.policlinicogemelli.it\/wp-content\/uploads\/2019\/06\/16_polaroid-768x840.jpg 768w, https:\/\/www.policlinicogemelli.it\/wp-content\/uploads\/2019\/06\/16_polaroid-453x495.jpg 453w, https:\/\/www.policlinicogemelli.it\/wp-content\/uploads\/2019\/06\/16_polaroid-188x205.jpg 188w, https:\/\/www.policlinicogemelli.it\/wp-content\/uploads\/2019\/06\/16_polaroid-400x437.jpg 400w\" sizes=\"auto, (max-width: 826px) 100vw, 826px\" \/><\/figure><\/li><li class=\"blocks-gallery-item\"><figure><img loading=\"lazy\" decoding=\"async\" width=\"807\" height=\"923\" src=\"https:\/\/www.policlinicogemelli.it\/wp-content\/uploads\/2019\/06\/19_polaroid.jpg\" alt=\"\" data-id=\"6402\" data-link=\"https:\/\/www.policlinicogemelli.it\/?attachment_id=6402\" class=\"wp-image-6402\" srcset=\"https:\/\/www.policlinicogemelli.it\/wp-content\/uploads\/2019\/06\/19_polaroid.jpg 807w, https:\/\/www.policlinicogemelli.it\/wp-content\/uploads\/2019\/06\/19_polaroid-262x300.jpg 262w, https:\/\/www.policlinicogemelli.it\/wp-content\/uploads\/2019\/06\/19_polaroid-768x878.jpg 768w, https:\/\/www.policlinicogemelli.it\/wp-content\/uploads\/2019\/06\/19_polaroid-433x495.jpg 433w, https:\/\/www.policlinicogemelli.it\/wp-content\/uploads\/2019\/06\/19_polaroid-179x205.jpg 179w, https:\/\/www.policlinicogemelli.it\/wp-content\/uploads\/2019\/06\/19_polaroid-400x457.jpg 400w\" sizes=\"auto, (max-width: 807px) 100vw, 807px\" \/><\/figure><\/li><li class=\"blocks-gallery-item\"><figure><img loading=\"lazy\" decoding=\"async\" width=\"826\" height=\"915\" src=\"https:\/\/www.policlinicogemelli.it\/wp-content\/uploads\/2019\/06\/13_polaroid.jpg\" alt=\"\" data-id=\"6403\" data-link=\"https:\/\/www.policlinicogemelli.it\/?attachment_id=6403\" class=\"wp-image-6403\" srcset=\"https:\/\/www.policlinicogemelli.it\/wp-content\/uploads\/2019\/06\/13_polaroid.jpg 826w, https:\/\/www.policlinicogemelli.it\/wp-content\/uploads\/2019\/06\/13_polaroid-271x300.jpg 271w, https:\/\/www.policlinicogemelli.it\/wp-content\/uploads\/2019\/06\/13_polaroid-768x851.jpg 768w, https:\/\/www.policlinicogemelli.it\/wp-content\/uploads\/2019\/06\/13_polaroid-447x495.jpg 447w, https:\/\/www.policlinicogemelli.it\/wp-content\/uploads\/2019\/06\/13_polaroid-185x205.jpg 185w, https:\/\/www.policlinicogemelli.it\/wp-content\/uploads\/2019\/06\/13_polaroid-400x443.jpg 400w\" sizes=\"auto, (max-width: 826px) 100vw, 826px\" \/><\/figure><\/li><li class=\"blocks-gallery-item\"><figure><img loading=\"lazy\" decoding=\"async\" width=\"772\" height=\"903\" src=\"https:\/\/www.policlinicogemelli.it\/wp-content\/uploads\/2019\/06\/15_polaroid.jpg\" alt=\"\" data-id=\"6404\" data-link=\"https:\/\/www.policlinicogemelli.it\/?attachment_id=6404\" class=\"wp-image-6404\" srcset=\"https:\/\/www.policlinicogemelli.it\/wp-content\/uploads\/2019\/06\/15_polaroid.jpg 772w, https:\/\/www.policlinicogemelli.it\/wp-content\/uploads\/2019\/06\/15_polaroid-256x300.jpg 256w, https:\/\/www.policlinicogemelli.it\/wp-content\/uploads\/2019\/06\/15_polaroid-768x898.jpg 768w, https:\/\/www.policlinicogemelli.it\/wp-content\/uploads\/2019\/06\/15_polaroid-423x495.jpg 423w, https:\/\/www.policlinicogemelli.it\/wp-content\/uploads\/2019\/06\/15_polaroid-175x205.jpg 175w, https:\/\/www.policlinicogemelli.it\/wp-content\/uploads\/2019\/06\/15_polaroid-400x468.jpg 400w\" sizes=\"auto, (max-width: 772px) 100vw, 772px\" \/><\/figure><\/li><li class=\"blocks-gallery-item\"><figure><img loading=\"lazy\" decoding=\"async\" width=\"821\" height=\"903\" src=\"https:\/\/www.policlinicogemelli.it\/wp-content\/uploads\/2019\/06\/17_polaroid.jpg\" alt=\"\" data-id=\"6405\" data-link=\"https:\/\/www.policlinicogemelli.it\/?attachment_id=6405\" class=\"wp-image-6405\" srcset=\"https:\/\/www.policlinicogemelli.it\/wp-content\/uploads\/2019\/06\/17_polaroid.jpg 821w, https:\/\/www.policlinicogemelli.it\/wp-content\/uploads\/2019\/06\/17_polaroid-273x300.jpg 273w, https:\/\/www.policlinicogemelli.it\/wp-content\/uploads\/2019\/06\/17_polaroid-768x845.jpg 768w, https:\/\/www.policlinicogemelli.it\/wp-content\/uploads\/2019\/06\/17_polaroid-450x495.jpg 450w, https:\/\/www.policlinicogemelli.it\/wp-content\/uploads\/2019\/06\/17_polaroid-186x205.jpg 186w, https:\/\/www.policlinicogemelli.it\/wp-content\/uploads\/2019\/06\/17_polaroid-400x440.jpg 400w\" sizes=\"auto, (max-width: 821px) 100vw, 821px\" \/><\/figure><\/li><li class=\"blocks-gallery-item\"><figure><img loading=\"lazy\" decoding=\"async\" width=\"820\" height=\"909\" src=\"https:\/\/www.policlinicogemelli.it\/wp-content\/uploads\/2019\/06\/18_polaroid.jpg\" alt=\"\" data-id=\"6406\" data-link=\"https:\/\/www.policlinicogemelli.it\/?attachment_id=6406\" class=\"wp-image-6406\" srcset=\"https:\/\/www.policlinicogemelli.it\/wp-content\/uploads\/2019\/06\/18_polaroid.jpg 820w, https:\/\/www.policlinicogemelli.it\/wp-content\/uploads\/2019\/06\/18_polaroid-271x300.jpg 271w, https:\/\/www.policlinicogemelli.it\/wp-content\/uploads\/2019\/06\/18_polaroid-768x851.jpg 768w, https:\/\/www.policlinicogemelli.it\/wp-content\/uploads\/2019\/06\/18_polaroid-447x495.jpg 447w, https:\/\/www.policlinicogemelli.it\/wp-content\/uploads\/2019\/06\/18_polaroid-185x205.jpg 185w, https:\/\/www.policlinicogemelli.it\/wp-content\/uploads\/2019\/06\/18_polaroid-400x443.jpg 400w\" sizes=\"auto, (max-width: 820px) 100vw, 820px\" \/><\/figure><\/li><li class=\"blocks-gallery-item\"><figure><img loading=\"lazy\" decoding=\"async\" width=\"826\" height=\"915\" src=\"https:\/\/www.policlinicogemelli.it\/wp-content\/uploads\/2019\/06\/12_polaroid.jpg\" alt=\"\" data-id=\"6407\" data-link=\"https:\/\/www.policlinicogemelli.it\/?attachment_id=6407\" class=\"wp-image-6407\" srcset=\"https:\/\/www.policlinicogemelli.it\/wp-content\/uploads\/2019\/06\/12_polaroid.jpg 826w, https:\/\/www.policlinicogemelli.it\/wp-content\/uploads\/2019\/06\/12_polaroid-271x300.jpg 271w, https:\/\/www.policlinicogemelli.it\/wp-content\/uploads\/2019\/06\/12_polaroid-768x851.jpg 768w, https:\/\/www.policlinicogemelli.it\/wp-content\/uploads\/2019\/06\/12_polaroid-447x495.jpg 447w, https:\/\/www.policlinicogemelli.it\/wp-content\/uploads\/2019\/06\/12_polaroid-185x205.jpg 185w, https:\/\/www.policlinicogemelli.it\/wp-content\/uploads\/2019\/06\/12_polaroid-400x443.jpg 400w\" sizes=\"auto, (max-width: 826px) 100vw, 826px\" \/><\/figure><\/li><li class=\"blocks-gallery-item\"><figure><img loading=\"lazy\" decoding=\"async\" width=\"813\" height=\"905\" src=\"https:\/\/www.policlinicogemelli.it\/wp-content\/uploads\/2019\/06\/2_olaroid-1.jpg\" alt=\"\" data-id=\"6408\" data-link=\"https:\/\/www.policlinicogemelli.it\/?attachment_id=6408\" class=\"wp-image-6408\" srcset=\"https:\/\/www.policlinicogemelli.it\/wp-content\/uploads\/2019\/06\/2_olaroid-1.jpg 813w, https:\/\/www.policlinicogemelli.it\/wp-content\/uploads\/2019\/06\/2_olaroid-1-270x300.jpg 270w, https:\/\/www.policlinicogemelli.it\/wp-content\/uploads\/2019\/06\/2_olaroid-1-768x855.jpg 768w, https:\/\/www.policlinicogemelli.it\/wp-content\/uploads\/2019\/06\/2_olaroid-1-445x495.jpg 445w, https:\/\/www.policlinicogemelli.it\/wp-content\/uploads\/2019\/06\/2_olaroid-1-184x205.jpg 184w, https:\/\/www.policlinicogemelli.it\/wp-content\/uploads\/2019\/06\/2_olaroid-1-400x445.jpg 400w\" sizes=\"auto, (max-width: 813px) 100vw, 813px\" \/><\/figure><\/li><li class=\"blocks-gallery-item\"><figure><img loading=\"lazy\" decoding=\"async\" width=\"819\" height=\"912\" src=\"https:\/\/www.policlinicogemelli.it\/wp-content\/uploads\/2019\/06\/5_olaroid.jpg\" alt=\"\" data-id=\"6409\" data-link=\"https:\/\/www.policlinicogemelli.it\/?attachment_id=6409\" class=\"wp-image-6409\" srcset=\"https:\/\/www.policlinicogemelli.it\/wp-content\/uploads\/2019\/06\/5_olaroid.jpg 819w, https:\/\/www.policlinicogemelli.it\/wp-content\/uploads\/2019\/06\/5_olaroid-269x300.jpg 269w, https:\/\/www.policlinicogemelli.it\/wp-content\/uploads\/2019\/06\/5_olaroid-768x855.jpg 768w, https:\/\/www.policlinicogemelli.it\/wp-content\/uploads\/2019\/06\/5_olaroid-445x495.jpg 445w, https:\/\/www.policlinicogemelli.it\/wp-content\/uploads\/2019\/06\/5_olaroid-184x205.jpg 184w, https:\/\/www.policlinicogemelli.it\/wp-content\/uploads\/2019\/06\/5_olaroid-400x445.jpg 400w\" sizes=\"auto, (max-width: 819px) 100vw, 819px\" \/><\/figure><\/li><li class=\"blocks-gallery-item\"><figure><img loading=\"lazy\" decoding=\"async\" width=\"806\" height=\"924\" src=\"https:\/\/www.policlinicogemelli.it\/wp-content\/uploads\/2019\/06\/4_olaroid.jpg\" alt=\"\" data-id=\"6410\" data-link=\"https:\/\/www.policlinicogemelli.it\/?attachment_id=6410\" class=\"wp-image-6410\" srcset=\"https:\/\/www.policlinicogemelli.it\/wp-content\/uploads\/2019\/06\/4_olaroid.jpg 806w, https:\/\/www.policlinicogemelli.it\/wp-content\/uploads\/2019\/06\/4_olaroid-262x300.jpg 262w, https:\/\/www.policlinicogemelli.it\/wp-content\/uploads\/2019\/06\/4_olaroid-768x880.jpg 768w, https:\/\/www.policlinicogemelli.it\/wp-content\/uploads\/2019\/06\/4_olaroid-432x495.jpg 432w, https:\/\/www.policlinicogemelli.it\/wp-content\/uploads\/2019\/06\/4_olaroid-179x205.jpg 179w, https:\/\/www.policlinicogemelli.it\/wp-content\/uploads\/2019\/06\/4_olaroid-400x459.jpg 400w\" sizes=\"auto, (max-width: 806px) 100vw, 806px\" \/><\/figure><\/li><li class=\"blocks-gallery-item\"><figure><img loading=\"lazy\" decoding=\"async\" width=\"813\" height=\"935\" src=\"https:\/\/www.policlinicogemelli.it\/wp-content\/uploads\/2019\/06\/8_polaroid1.jpg\" alt=\"\" data-id=\"6411\" data-link=\"https:\/\/www.policlinicogemelli.it\/?attachment_id=6411\" class=\"wp-image-6411\" srcset=\"https:\/\/www.policlinicogemelli.it\/wp-content\/uploads\/2019\/06\/8_polaroid1.jpg 813w, https:\/\/www.policlinicogemelli.it\/wp-content\/uploads\/2019\/06\/8_polaroid1-261x300.jpg 261w, https:\/\/www.policlinicogemelli.it\/wp-content\/uploads\/2019\/06\/8_polaroid1-768x883.jpg 768w, https:\/\/www.policlinicogemelli.it\/wp-content\/uploads\/2019\/06\/8_polaroid1-430x495.jpg 430w, https:\/\/www.policlinicogemelli.it\/wp-content\/uploads\/2019\/06\/8_polaroid1-178x205.jpg 178w, https:\/\/www.policlinicogemelli.it\/wp-content\/uploads\/2019\/06\/8_polaroid1-400x460.jpg 400w\" sizes=\"auto, (max-width: 813px) 100vw, 813px\" \/><\/figure><\/li><li class=\"blocks-gallery-item\"><figure><img loading=\"lazy\" decoding=\"async\" width=\"818\" height=\"911\" src=\"https:\/\/www.policlinicogemelli.it\/wp-content\/uploads\/2019\/06\/7_polaroid.jpg\" alt=\"\" data-id=\"6412\" data-link=\"https:\/\/www.policlinicogemelli.it\/?attachment_id=6412\" class=\"wp-image-6412\" srcset=\"https:\/\/www.policlinicogemelli.it\/wp-content\/uploads\/2019\/06\/7_polaroid.jpg 818w, https:\/\/www.policlinicogemelli.it\/wp-content\/uploads\/2019\/06\/7_polaroid-269x300.jpg 269w, https:\/\/www.policlinicogemelli.it\/wp-content\/uploads\/2019\/06\/7_polaroid-768x855.jpg 768w, https:\/\/www.policlinicogemelli.it\/wp-content\/uploads\/2019\/06\/7_polaroid-444x495.jpg 444w, https:\/\/www.policlinicogemelli.it\/wp-content\/uploads\/2019\/06\/7_polaroid-184x205.jpg 184w, https:\/\/www.policlinicogemelli.it\/wp-content\/uploads\/2019\/06\/7_polaroid-400x445.jpg 400w\" sizes=\"auto, (max-width: 818px) 100vw, 818px\" \/><\/figure><\/li><li class=\"blocks-gallery-item\"><figure><img loading=\"lazy\" decoding=\"async\" width=\"836\" height=\"935\" src=\"https:\/\/www.policlinicogemelli.it\/wp-content\/uploads\/2019\/06\/1_olaroid-1.jpg\" alt=\"\" data-id=\"6413\" data-link=\"https:\/\/www.policlinicogemelli.it\/?attachment_id=6413\" class=\"wp-image-6413\" srcset=\"https:\/\/www.policlinicogemelli.it\/wp-content\/uploads\/2019\/06\/1_olaroid-1.jpg 836w, https:\/\/www.policlinicogemelli.it\/wp-content\/uploads\/2019\/06\/1_olaroid-1-268x300.jpg 268w, https:\/\/www.policlinicogemelli.it\/wp-content\/uploads\/2019\/06\/1_olaroid-1-768x859.jpg 768w, https:\/\/www.policlinicogemelli.it\/wp-content\/uploads\/2019\/06\/1_olaroid-1-443x495.jpg 443w, https:\/\/www.policlinicogemelli.it\/wp-content\/uploads\/2019\/06\/1_olaroid-1-183x205.jpg 183w, https:\/\/www.policlinicogemelli.it\/wp-content\/uploads\/2019\/06\/1_olaroid-1-400x447.jpg 400w\" sizes=\"auto, (max-width: 836px) 100vw, 836px\" \/><\/figure><\/li><li class=\"blocks-gallery-item\"><figure><img loading=\"lazy\" decoding=\"async\" width=\"812\" height=\"918\" src=\"https:\/\/www.policlinicogemelli.it\/wp-content\/uploads\/2019\/06\/6_polaroid.jpg\" alt=\"\" data-id=\"6414\" data-link=\"https:\/\/www.policlinicogemelli.it\/?attachment_id=6414\" class=\"wp-image-6414\" srcset=\"https:\/\/www.policlinicogemelli.it\/wp-content\/uploads\/2019\/06\/6_polaroid.jpg 812w, https:\/\/www.policlinicogemelli.it\/wp-content\/uploads\/2019\/06\/6_polaroid-265x300.jpg 265w, https:\/\/www.policlinicogemelli.it\/wp-content\/uploads\/2019\/06\/6_polaroid-768x868.jpg 768w, https:\/\/www.policlinicogemelli.it\/wp-content\/uploads\/2019\/06\/6_polaroid-438x495.jpg 438w, https:\/\/www.policlinicogemelli.it\/wp-content\/uploads\/2019\/06\/6_polaroid-181x205.jpg 181w, https:\/\/www.policlinicogemelli.it\/wp-content\/uploads\/2019\/06\/6_polaroid-400x452.jpg 400w\" sizes=\"auto, (max-width: 812px) 100vw, 812px\" \/><\/figure><\/li><li class=\"blocks-gallery-item\"><figure><img loading=\"lazy\" decoding=\"async\" width=\"806\" height=\"911\" src=\"https:\/\/www.policlinicogemelli.it\/wp-content\/uploads\/2019\/06\/3_olaroid-1.jpg\" alt=\"\" data-id=\"6415\" data-link=\"https:\/\/www.policlinicogemelli.it\/?attachment_id=6415\" class=\"wp-image-6415\" srcset=\"https:\/\/www.policlinicogemelli.it\/wp-content\/uploads\/2019\/06\/3_olaroid-1.jpg 806w, https:\/\/www.policlinicogemelli.it\/wp-content\/uploads\/2019\/06\/3_olaroid-1-265x300.jpg 265w, https:\/\/www.policlinicogemelli.it\/wp-content\/uploads\/2019\/06\/3_olaroid-1-768x868.jpg 768w, https:\/\/www.policlinicogemelli.it\/wp-content\/uploads\/2019\/06\/3_olaroid-1-438x495.jpg 438w, https:\/\/www.policlinicogemelli.it\/wp-content\/uploads\/2019\/06\/3_olaroid-1-181x205.jpg 181w, https:\/\/www.policlinicogemelli.it\/wp-content\/uploads\/2019\/06\/3_olaroid-1-400x452.jpg 400w\" sizes=\"auto, (max-width: 806px) 100vw, 806px\" \/><\/figure><\/li><li class=\"blocks-gallery-item\"><figure><img loading=\"lazy\" decoding=\"async\" width=\"830\" height=\"923\" src=\"https:\/\/www.policlinicogemelli.it\/wp-content\/uploads\/2019\/06\/9_polaroid.jpg\" alt=\"\" data-id=\"6416\" data-link=\"https:\/\/www.policlinicogemelli.it\/?attachment_id=6416\" class=\"wp-image-6416\" srcset=\"https:\/\/www.policlinicogemelli.it\/wp-content\/uploads\/2019\/06\/9_polaroid.jpg 830w, https:\/\/www.policlinicogemelli.it\/wp-content\/uploads\/2019\/06\/9_polaroid-270x300.jpg 270w, https:\/\/www.policlinicogemelli.it\/wp-content\/uploads\/2019\/06\/9_polaroid-768x854.jpg 768w, https:\/\/www.policlinicogemelli.it\/wp-content\/uploads\/2019\/06\/9_polaroid-445x495.jpg 445w, https:\/\/www.policlinicogemelli.it\/wp-content\/uploads\/2019\/06\/9_polaroid-184x205.jpg 184w, https:\/\/www.policlinicogemelli.it\/wp-content\/uploads\/2019\/06\/9_polaroid-400x445.jpg 400w\" sizes=\"auto, (max-width: 830px) 100vw, 830px\" \/><\/figure><\/li><li class=\"blocks-gallery-item\"><figure><img loading=\"lazy\" decoding=\"async\" width=\"826\" height=\"909\" src=\"https:\/\/www.policlinicogemelli.it\/wp-content\/uploads\/2019\/06\/10_polaroid1.jpg\" alt=\"\" data-id=\"6417\" data-link=\"https:\/\/www.policlinicogemelli.it\/?attachment_id=6417\" class=\"wp-image-6417\" srcset=\"https:\/\/www.policlinicogemelli.it\/wp-content\/uploads\/2019\/06\/10_polaroid1.jpg 826w, https:\/\/www.policlinicogemelli.it\/wp-content\/uploads\/2019\/06\/10_polaroid1-273x300.jpg 273w, https:\/\/www.policlinicogemelli.it\/wp-content\/uploads\/2019\/06\/10_polaroid1-768x845.jpg 768w, https:\/\/www.policlinicogemelli.it\/wp-content\/uploads\/2019\/06\/10_polaroid1-450x495.jpg 450w, https:\/\/www.policlinicogemelli.it\/wp-content\/uploads\/2019\/06\/10_polaroid1-186x205.jpg 186w, https:\/\/www.policlinicogemelli.it\/wp-content\/uploads\/2019\/06\/10_polaroid1-400x440.jpg 400w\" sizes=\"auto, (max-width: 826px) 100vw, 826px\" \/><\/figure><\/li><li class=\"blocks-gallery-item\"><figure><img loading=\"lazy\" decoding=\"async\" width=\"797\" height=\"915\" src=\"https:\/\/www.policlinicogemelli.it\/wp-content\/uploads\/2019\/06\/11_polaroid.jpg\" alt=\"\" data-id=\"6418\" data-link=\"https:\/\/www.policlinicogemelli.it\/?attachment_id=6418\" class=\"wp-image-6418\" srcset=\"https:\/\/www.policlinicogemelli.it\/wp-content\/uploads\/2019\/06\/11_polaroid.jpg 797w, https:\/\/www.policlinicogemelli.it\/wp-content\/uploads\/2019\/06\/11_polaroid-261x300.jpg 261w, https:\/\/www.policlinicogemelli.it\/wp-content\/uploads\/2019\/06\/11_polaroid-768x882.jpg 768w, https:\/\/www.policlinicogemelli.it\/wp-content\/uploads\/2019\/06\/11_polaroid-431x495.jpg 431w, https:\/\/www.policlinicogemelli.it\/wp-content\/uploads\/2019\/06\/11_polaroid-179x205.jpg 179w, https:\/\/www.policlinicogemelli.it\/wp-content\/uploads\/2019\/06\/11_polaroid-400x459.jpg 400w\" sizes=\"auto, (max-width: 797px) 100vw, 797px\" \/><\/figure><\/li><\/ul>\n","protected":false},"excerpt":{"rendered":"<p>Come ogni anno, anche in occasione di quest\u2019ultimo Natale, il Policlinico Universitario Agostino Gemelli IRCCS \u00e8 stato teatro di tutta una serie di iniziative di solidariet\u00e0 che hanno inteso allietare le festivit\u00e0 di pazienti, operatori sanitari e non solo. Particolarmente toccanti, e non poteva essere altrimenti, quelle dedicate in maniera specifica ai piccoli malati. Non [&hellip;]<\/p>\n","protected":false},"featured_media":0,"template":"","categorie":[93],"class_list":{"0":"post-20511","1":"kf_gem_news","2":"type-kf_gem_news","3":"status-publish","5":"kf_gem_newscat-events","6":"entry","7":"has-post-thumbnail"},"acf":[],"yoast_head":"<!-- This site is optimized with the Yoast SEO plugin v27.5 - https:\/\/yoast.com\/product\/yoast-seo-wordpress\/ -->\n<title>Al Gemelli un Natale di festa per pazienti e\u2026 operatori, nel segno di solidariet\u00e0 e speranza - Policlinico Universitario A. Gemelli IRCCS<\/title>\n<meta name=\"robots\" content=\"index, follow, max-snippet:-1, max-image-preview:large, max-video-preview:-1\" \/>\n<link rel=\"canonical\" href=\"https:\/\/www.policlinicogemelli.it\/en\/news-events\/al-gemelli-un-natale-di-festa-per-pazienti-e-operatori-nel-segno-di-solidarieta-e-speranza\/\" \/>\n<meta property=\"og:locale\" content=\"en_US\" \/>\n<meta property=\"og:type\" content=\"article\" \/>\n<meta property=\"og:title\" content=\"Al Gemelli un Natale di festa per pazienti e\u2026 operatori, nel segno di solidariet\u00e0 e speranza - Policlinico Universitario A. Gemelli IRCCS\" \/>\n<meta property=\"og:description\" content=\"Come ogni anno, anche in occasione di quest\u2019ultimo Natale, il Policlinico Universitario Agostino Gemelli IRCCS \u00e8 stato teatro di tutta una serie di iniziative di solidariet\u00e0 che hanno inteso allietare le festivit\u00e0 di pazienti, operatori sanitari e non solo. Particolarmente toccanti, e non poteva essere altrimenti, quelle dedicate in maniera specifica ai piccoli malati. Non [&hellip;]\" \/>\n<meta property=\"og:url\" content=\"https:\/\/www.policlinicogemelli.it\/en\/news-events\/al-gemelli-un-natale-di-festa-per-pazienti-e-operatori-nel-segno-di-solidarieta-e-speranza\/\" \/>\n<meta property=\"og:site_name\" content=\"Policlinico Universitario Agostino Gemelli IRCCS\" \/>\n<meta property=\"og:image\" content=\"https:\/\/www.policlinicogemelli.it\/wp-content\/uploads\/2019\/06\/14_polaroid.jpg\" \/>\n\t<meta property=\"og:image:width\" content=\"791\" \/>\n\t<meta property=\"og:image:height\" content=\"915\" \/>\n\t<meta property=\"og:image:type\" content=\"image\/jpeg\" \/>\n<meta name=\"twitter:card\" content=\"summary_large_image\" \/>\n<meta name=\"twitter:label1\" content=\"Est. reading time\" \/>\n\t<meta name=\"twitter:data1\" content=\"1 minute\" \/>\n<script type=\"application\/ld+json\" class=\"yoast-schema-graph\">{\"@context\":\"https:\\\/\\\/schema.org\",\"@graph\":[{\"@type\":\"WebPage\",\"@id\":\"https:\\\/\\\/www.policlinicogemelli.it\\\/en\\\/news-events\\\/al-gemelli-un-natale-di-festa-per-pazienti-e-operatori-nel-segno-di-solidarieta-e-speranza\\\/\",\"url\":\"https:\\\/\\\/www.policlinicogemelli.it\\\/en\\\/news-events\\\/al-gemelli-un-natale-di-festa-per-pazienti-e-operatori-nel-segno-di-solidarieta-e-speranza\\\/\",\"name\":\"Al Gemelli un Natale di festa per pazienti e\u2026 operatori, nel segno di solidariet\u00e0 e speranza - Policlinico Universitario A. Gemelli IRCCS\",\"isPartOf\":{\"@id\":\"https:\\\/\\\/www.policlinicogemelli.it\\\/en\\\/#website\"},\"primaryImageOfPage\":{\"@id\":\"https:\\\/\\\/www.policlinicogemelli.it\\\/en\\\/news-events\\\/al-gemelli-un-natale-di-festa-per-pazienti-e-operatori-nel-segno-di-solidarieta-e-speranza\\\/#primaryimage\"},\"image\":{\"@id\":\"https:\\\/\\\/www.policlinicogemelli.it\\\/en\\\/news-events\\\/al-gemelli-un-natale-di-festa-per-pazienti-e-operatori-nel-segno-di-solidarieta-e-speranza\\\/#primaryimage\"},\"thumbnailUrl\":\"https:\\\/\\\/www.policlinicogemelli.it\\\/wp-content\\\/uploads\\\/2019\\\/06\\\/14_polaroid.jpg\",\"datePublished\":\"2019-01-29T16:21:09+00:00\",\"breadcrumb\":{\"@id\":\"https:\\\/\\\/www.policlinicogemelli.it\\\/en\\\/news-events\\\/al-gemelli-un-natale-di-festa-per-pazienti-e-operatori-nel-segno-di-solidarieta-e-speranza\\\/#breadcrumb\"},\"inLanguage\":\"en-US\",\"potentialAction\":[{\"@type\":\"ReadAction\",\"target\":[\"https:\\\/\\\/www.policlinicogemelli.it\\\/en\\\/news-events\\\/al-gemelli-un-natale-di-festa-per-pazienti-e-operatori-nel-segno-di-solidarieta-e-speranza\\\/\"]}]},{\"@type\":\"ImageObject\",\"inLanguage\":\"en-US\",\"@id\":\"https:\\\/\\\/www.policlinicogemelli.it\\\/en\\\/news-events\\\/al-gemelli-un-natale-di-festa-per-pazienti-e-operatori-nel-segno-di-solidarieta-e-speranza\\\/#primaryimage\",\"url\":\"https:\\\/\\\/www.policlinicogemelli.it\\\/wp-content\\\/uploads\\\/2019\\\/06\\\/14_polaroid.jpg\",\"contentUrl\":\"https:\\\/\\\/www.policlinicogemelli.it\\\/wp-content\\\/uploads\\\/2019\\\/06\\\/14_polaroid.jpg\"},{\"@type\":\"BreadcrumbList\",\"@id\":\"https:\\\/\\\/www.policlinicogemelli.it\\\/en\\\/news-events\\\/al-gemelli-un-natale-di-festa-per-pazienti-e-operatori-nel-segno-di-solidarieta-e-speranza\\\/#breadcrumb\",\"itemListElement\":[{\"@type\":\"ListItem\",\"position\":1,\"name\":\"Home\",\"item\":\"https:\\\/\\\/www.policlinicogemelli.it\\\/en\\\/\"},{\"@type\":\"ListItem\",\"position\":2,\"name\":\"News and Events\",\"item\":\"https:\\\/\\\/www.policlinicogemelli.it\\\/en\\\/news-events\\\/\"},{\"@type\":\"ListItem\",\"position\":3,\"name\":\"Al Gemelli un Natale di festa per pazienti e\u2026 operatori, nel segno di solidariet\u00e0 e speranza\"}]},{\"@type\":\"WebSite\",\"@id\":\"https:\\\/\\\/www.policlinicogemelli.it\\\/en\\\/#website\",\"url\":\"https:\\\/\\\/www.policlinicogemelli.it\\\/en\\\/\",\"name\":\"Policlinico Universitario Agostino Gemelli IRCCS\",\"description\":\"Policlinico Universitario Agostino Gemelli IRCCS\",\"publisher\":{\"@id\":\"https:\\\/\\\/www.policlinicogemelli.it\\\/en\\\/#organization\"},\"potentialAction\":[{\"@type\":\"SearchAction\",\"target\":{\"@type\":\"EntryPoint\",\"urlTemplate\":\"https:\\\/\\\/www.policlinicogemelli.it\\\/en\\\/?s={search_term_string}\"},\"query-input\":{\"@type\":\"PropertyValueSpecification\",\"valueRequired\":true,\"valueName\":\"search_term_string\"}}],\"inLanguage\":\"en-US\"},{\"@type\":\"Organization\",\"@id\":\"https:\\\/\\\/www.policlinicogemelli.it\\\/en\\\/#organization\",\"name\":\"Policlinico Universitario Agostino Gemelli IRCCS\",\"url\":\"https:\\\/\\\/www.policlinicogemelli.it\\\/en\\\/\",\"logo\":{\"@type\":\"ImageObject\",\"inLanguage\":\"en-US\",\"@id\":\"https:\\\/\\\/www.policlinicogemelli.it\\\/en\\\/#\\\/schema\\\/logo\\\/image\\\/\",\"url\":\"https:\\\/\\\/www.policlinicogemelli.it\\\/wp-content\\\/uploads\\\/2019\\\/02\\\/logo-policlinico-gemelli-250-trasp-color-1.png\",\"contentUrl\":\"https:\\\/\\\/www.policlinicogemelli.it\\\/wp-content\\\/uploads\\\/2019\\\/02\\\/logo-policlinico-gemelli-250-trasp-color-1.png\",\"width\":250,\"height\":82,\"caption\":\"Policlinico Universitario Agostino Gemelli IRCCS\"},\"image\":{\"@id\":\"https:\\\/\\\/www.policlinicogemelli.it\\\/en\\\/#\\\/schema\\\/logo\\\/image\\\/\"}}]}<\/script>\n<!-- \/ Yoast SEO plugin. -->","yoast_head_json":{"title":"Al Gemelli un Natale di festa per pazienti e\u2026 operatori, nel segno di solidariet\u00e0 e speranza - Policlinico Universitario A. Gemelli IRCCS","robots":{"index":"index","follow":"follow","max-snippet":"max-snippet:-1","max-image-preview":"max-image-preview:large","max-video-preview":"max-video-preview:-1"},"canonical":"https:\/\/www.policlinicogemelli.it\/en\/news-events\/al-gemelli-un-natale-di-festa-per-pazienti-e-operatori-nel-segno-di-solidarieta-e-speranza\/","og_locale":"en_US","og_type":"article","og_title":"Al Gemelli un Natale di festa per pazienti e\u2026 operatori, nel segno di solidariet\u00e0 e speranza - Policlinico Universitario A. Gemelli IRCCS","og_description":"Come ogni anno, anche in occasione di quest\u2019ultimo Natale, il Policlinico Universitario Agostino Gemelli IRCCS \u00e8 stato teatro di tutta una serie di iniziative di solidariet\u00e0 che hanno inteso allietare le festivit\u00e0 di pazienti, operatori sanitari e non solo. Particolarmente toccanti, e non poteva essere altrimenti, quelle dedicate in maniera specifica ai piccoli malati. Non [&hellip;]","og_url":"https:\/\/www.policlinicogemelli.it\/en\/news-events\/al-gemelli-un-natale-di-festa-per-pazienti-e-operatori-nel-segno-di-solidarieta-e-speranza\/","og_site_name":"Policlinico Universitario Agostino Gemelli IRCCS","og_image":[{"width":791,"height":915,"url":"https:\/\/www.policlinicogemelli.it\/wp-content\/uploads\/2019\/06\/14_polaroid.jpg","type":"image\/jpeg"}],"twitter_card":"summary_large_image","twitter_misc":{"Est. reading time":"1 minute"},"schema":{"@context":"https:\/\/schema.org","@graph":[{"@type":"WebPage","@id":"https:\/\/www.policlinicogemelli.it\/en\/news-events\/al-gemelli-un-natale-di-festa-per-pazienti-e-operatori-nel-segno-di-solidarieta-e-speranza\/","url":"https:\/\/www.policlinicogemelli.it\/en\/news-events\/al-gemelli-un-natale-di-festa-per-pazienti-e-operatori-nel-segno-di-solidarieta-e-speranza\/","name":"Al Gemelli un Natale di festa per pazienti e\u2026 operatori, nel segno di solidariet\u00e0 e speranza - Policlinico Universitario A. Gemelli IRCCS","isPartOf":{"@id":"https:\/\/www.policlinicogemelli.it\/en\/#website"},"primaryImageOfPage":{"@id":"https:\/\/www.policlinicogemelli.it\/en\/news-events\/al-gemelli-un-natale-di-festa-per-pazienti-e-operatori-nel-segno-di-solidarieta-e-speranza\/#primaryimage"},"image":{"@id":"https:\/\/www.policlinicogemelli.it\/en\/news-events\/al-gemelli-un-natale-di-festa-per-pazienti-e-operatori-nel-segno-di-solidarieta-e-speranza\/#primaryimage"},"thumbnailUrl":"https:\/\/www.policlinicogemelli.it\/wp-content\/uploads\/2019\/06\/14_polaroid.jpg","datePublished":"2019-01-29T16:21:09+00:00","breadcrumb":{"@id":"https:\/\/www.policlinicogemelli.it\/en\/news-events\/al-gemelli-un-natale-di-festa-per-pazienti-e-operatori-nel-segno-di-solidarieta-e-speranza\/#breadcrumb"},"inLanguage":"en-US","potentialAction":[{"@type":"ReadAction","target":["https:\/\/www.policlinicogemelli.it\/en\/news-events\/al-gemelli-un-natale-di-festa-per-pazienti-e-operatori-nel-segno-di-solidarieta-e-speranza\/"]}]},{"@type":"ImageObject","inLanguage":"en-US","@id":"https:\/\/www.policlinicogemelli.it\/en\/news-events\/al-gemelli-un-natale-di-festa-per-pazienti-e-operatori-nel-segno-di-solidarieta-e-speranza\/#primaryimage","url":"https:\/\/www.policlinicogemelli.it\/wp-content\/uploads\/2019\/06\/14_polaroid.jpg","contentUrl":"https:\/\/www.policlinicogemelli.it\/wp-content\/uploads\/2019\/06\/14_polaroid.jpg"},{"@type":"BreadcrumbList","@id":"https:\/\/www.policlinicogemelli.it\/en\/news-events\/al-gemelli-un-natale-di-festa-per-pazienti-e-operatori-nel-segno-di-solidarieta-e-speranza\/#breadcrumb","itemListElement":[{"@type":"ListItem","position":1,"name":"Home","item":"https:\/\/www.policlinicogemelli.it\/en\/"},{"@type":"ListItem","position":2,"name":"News and Events","item":"https:\/\/www.policlinicogemelli.it\/en\/news-events\/"},{"@type":"ListItem","position":3,"name":"Al Gemelli un Natale di festa per pazienti e\u2026 operatori, nel segno di solidariet\u00e0 e speranza"}]},{"@type":"WebSite","@id":"https:\/\/www.policlinicogemelli.it\/en\/#website","url":"https:\/\/www.policlinicogemelli.it\/en\/","name":"Policlinico Universitario Agostino Gemelli IRCCS","description":"Policlinico Universitario Agostino Gemelli IRCCS","publisher":{"@id":"https:\/\/www.policlinicogemelli.it\/en\/#organization"},"potentialAction":[{"@type":"SearchAction","target":{"@type":"EntryPoint","urlTemplate":"https:\/\/www.policlinicogemelli.it\/en\/?s={search_term_string}"},"query-input":{"@type":"PropertyValueSpecification","valueRequired":true,"valueName":"search_term_string"}}],"inLanguage":"en-US"},{"@type":"Organization","@id":"https:\/\/www.policlinicogemelli.it\/en\/#organization","name":"Policlinico Universitario Agostino Gemelli IRCCS","url":"https:\/\/www.policlinicogemelli.it\/en\/","logo":{"@type":"ImageObject","inLanguage":"en-US","@id":"https:\/\/www.policlinicogemelli.it\/en\/#\/schema\/logo\/image\/","url":"https:\/\/www.policlinicogemelli.it\/wp-content\/uploads\/2019\/02\/logo-policlinico-gemelli-250-trasp-color-1.png","contentUrl":"https:\/\/www.policlinicogemelli.it\/wp-content\/uploads\/2019\/02\/logo-policlinico-gemelli-250-trasp-color-1.png","width":250,"height":82,"caption":"Policlinico Universitario Agostino Gemelli IRCCS"},"image":{"@id":"https:\/\/www.policlinicogemelli.it\/en\/#\/schema\/logo\/image\/"}}]}},"rest_api_enabler":[],"_links":{"self":[{"href":"https:\/\/www.policlinicogemelli.it\/en\/wp-json\/wp\/v2\/news\/20511","targetHints":{"allow":["GET"]}}],"collection":[{"href":"https:\/\/www.policlinicogemelli.it\/en\/wp-json\/wp\/v2\/news"}],"about":[{"href":"https:\/\/www.policlinicogemelli.it\/en\/wp-json\/wp\/v2\/types\/kf_gem_news"}],"version-history":[{"count":0,"href":"https:\/\/www.policlinicogemelli.it\/en\/wp-json\/wp\/v2\/news\/20511\/revisions"}],"wp:attachment":[{"href":"https:\/\/www.policlinicogemelli.it\/en\/wp-json\/wp\/v2\/media?parent=20511"}],"wp:term":[{"taxonomy":"kf_gem_newscat","embeddable":true,"href":"https:\/\/www.policlinicogemelli.it\/en\/wp-json\/wp\/v2\/categorie?post=20511"}],"curies":[{"name":"wp","href":"https:\/\/api.w.org\/{rel}","templated":true}]}}