{"id":20504,"date":"2019-01-29T15:44:42","date_gmt":"2019-01-29T15:44:42","guid":{"rendered":"https:\/\/www.policlinicogemelli.it\/news-eventi\/con-il-grande-freddo-piu-rischi-per-il-cuore\/"},"modified":"2019-01-29T15:44:42","modified_gmt":"2019-01-29T15:44:42","slug":"con-il-grande-freddo-piu-rischi-per-il-cuore","status":"publish","type":"kf_gem_news","link":"https:\/\/www.policlinicogemelli.it\/en\/news-events\/con-il-grande-freddo-piu-rischi-per-il-cuore\/","title":{"rendered":"Con il grande freddo pi\u00f9 rischi per il cuore"},"content":{"rendered":"\n<p>&#8220;Il gelo pu\u00f2 favorire spasmi delle arterie coronariche e peggiorare il quadro dei pazienti affetti da coronaropatie. Ma non solo&#8221;. Antonio Rebuzzi, direttore della UOC di Terapia intensiva cardiologica del Policlinico Universitario A. Gemelli IRCCS e associato di Malattie dell\u2019apparato cardiovascolare all\u2019Universit\u00e0 Cattolica, lo spiega in un\u2019intervista all&#8217;Adnkronos Salute.<\/p>\n\n\n\n<p>Secondo il professor&nbsp;<strong>Antonio Rebuzzi<\/strong>&nbsp;i pi\u00f9 vulnerabili agli effetti dell&#8217;ondata di freddo che sta colpendo il nostro Paese sono gli anziani fragili, ma anche gli ipertesi, i cardiopatici e gli scompensati.&nbsp; &#8220;Possono verificarsi infatti delle crisi di angina da freddo, e in chi ha una coronaropatia queste crisi, se prolungate, possono diventare infarto &#8211; spiega l\u2019esperto. &nbsp;Il gelo in effetti favorisce l&#8217;ischemia miocardica. In questi giorni, inoltre, la vasocostrizione legata alle basse temperature pu\u00f2 far schizzare in alto la pressione: si possono sperimentare picchi pressori improvvisi. E&#8217; bene che gli ipertesi consultino il cardiologo per capire se \u00e8 opportuno aumentare il dosaggio dei farmaci per controllare la pressione. E questo ancor di pi\u00f9 se si recano in montagna&#8221;. Cosa fare, allora, per difendersi? &#8220;Intanto &#8211; dice Rebuzzi &#8211; \u00e8 bene raccomandare agli anziani, agli ipertesi, a chi soffre di scompenso cardiaco di vaccinarsi contro l&#8217;influenza, ma anche contro la polmonite. Inoltre queste categorie di pazienti nei giorni di grande freddo &#8211; raccomanda il cardiologo &#8211; devono fare particolare attenzione: evitare di uscire nelle ore pi\u00f9 gelide, coprirsi sempre molto bene, in particolare il petto, ma anche evitare sforzi fisici fatti all&#8217;esterno, seguire attentamente le terapie e consultare il medico in caso di malessere&#8221;. E il pericolo non \u00e8 legato solo alle temperature. &#8220;Gli anziani sono spesso fragili o immunodepressi, facilmente possono passare da un raffreddore o un&#8217;influenza a una polmonite. In questo caso, uno scompenso leggero diventa grave ed \u00e8 difficile recuperare la situazione&#8221;, conclude Rebuzzi.<\/p>\n","protected":false},"excerpt":{"rendered":"<p>&#8220;Il gelo pu\u00f2 favorire spasmi delle arterie coronariche e peggiorare il quadro dei pazienti affetti da coronaropatie. Ma non solo&#8221;. Antonio Rebuzzi, direttore della UOC di Terapia intensiva cardiologica del Policlinico Universitario A. Gemelli IRCCS e associato di Malattie dell\u2019apparato cardiovascolare all\u2019Universit\u00e0 Cattolica, lo spiega in un\u2019intervista all&#8217;Adnkronos Salute. Secondo il professor&nbsp;Antonio Rebuzzi&nbsp;i pi\u00f9 vulnerabili [&hellip;]<\/p>\n","protected":false},"featured_media":0,"template":"","categorie":[92],"class_list":{"0":"post-20504","1":"kf_gem_news","2":"type-kf_gem_news","3":"status-publish","5":"kf_gem_newscat-assistance","6":"entry","7":"has-post-thumbnail"},"acf":[],"yoast_head":"<!-- This site is optimized with the Yoast SEO plugin v27.5 - https:\/\/yoast.com\/product\/yoast-seo-wordpress\/ -->\n<title>Con il grande freddo pi\u00f9 rischi per il cuore - Policlinico Universitario A. Gemelli IRCCS<\/title>\n<meta name=\"robots\" content=\"index, follow, max-snippet:-1, max-image-preview:large, max-video-preview:-1\" \/>\n<link rel=\"canonical\" href=\"https:\/\/www.policlinicogemelli.it\/en\/news-events\/con-il-grande-freddo-piu-rischi-per-il-cuore\/\" \/>\n<meta property=\"og:locale\" content=\"en_US\" \/>\n<meta property=\"og:type\" content=\"article\" \/>\n<meta property=\"og:title\" content=\"Con il grande freddo pi\u00f9 rischi per il cuore - Policlinico Universitario A. Gemelli IRCCS\" \/>\n<meta property=\"og:description\" content=\"&#8220;Il gelo pu\u00f2 favorire spasmi delle arterie coronariche e peggiorare il quadro dei pazienti affetti da coronaropatie. Ma non solo&#8221;. Antonio Rebuzzi, direttore della UOC di Terapia intensiva cardiologica del Policlinico Universitario A. Gemelli IRCCS e associato di Malattie dell\u2019apparato cardiovascolare all\u2019Universit\u00e0 Cattolica, lo spiega in un\u2019intervista all&#8217;Adnkronos Salute. Secondo il professor&nbsp;Antonio Rebuzzi&nbsp;i pi\u00f9 vulnerabili [&hellip;]\" \/>\n<meta property=\"og:url\" content=\"https:\/\/www.policlinicogemelli.it\/en\/news-events\/con-il-grande-freddo-piu-rischi-per-il-cuore\/\" \/>\n<meta property=\"og:site_name\" content=\"Policlinico Universitario Agostino Gemelli IRCCS\" \/>\n<meta property=\"og:image\" content=\"https:\/\/www.policlinicogemelli.it\/wp-content\/uploads\/2023\/06\/Share_Gemelli.png\" \/>\n\t<meta property=\"og:image:width\" content=\"1200\" \/>\n\t<meta property=\"og:image:height\" content=\"630\" \/>\n\t<meta property=\"og:image:type\" content=\"image\/png\" \/>\n<meta name=\"twitter:card\" content=\"summary_large_image\" \/>\n<meta name=\"twitter:label1\" content=\"Est. reading time\" \/>\n\t<meta name=\"twitter:data1\" content=\"2 minutes\" \/>\n<script type=\"application\/ld+json\" class=\"yoast-schema-graph\">{\"@context\":\"https:\\\/\\\/schema.org\",\"@graph\":[{\"@type\":\"WebPage\",\"@id\":\"https:\\\/\\\/www.policlinicogemelli.it\\\/en\\\/news-events\\\/con-il-grande-freddo-piu-rischi-per-il-cuore\\\/\",\"url\":\"https:\\\/\\\/www.policlinicogemelli.it\\\/en\\\/news-events\\\/con-il-grande-freddo-piu-rischi-per-il-cuore\\\/\",\"name\":\"Con il grande freddo pi\u00f9 rischi per il cuore - Policlinico Universitario A. Gemelli IRCCS\",\"isPartOf\":{\"@id\":\"https:\\\/\\\/www.policlinicogemelli.it\\\/en\\\/#website\"},\"datePublished\":\"2019-01-29T15:44:42+00:00\",\"breadcrumb\":{\"@id\":\"https:\\\/\\\/www.policlinicogemelli.it\\\/en\\\/news-events\\\/con-il-grande-freddo-piu-rischi-per-il-cuore\\\/#breadcrumb\"},\"inLanguage\":\"en-US\",\"potentialAction\":[{\"@type\":\"ReadAction\",\"target\":[\"https:\\\/\\\/www.policlinicogemelli.it\\\/en\\\/news-events\\\/con-il-grande-freddo-piu-rischi-per-il-cuore\\\/\"]}]},{\"@type\":\"BreadcrumbList\",\"@id\":\"https:\\\/\\\/www.policlinicogemelli.it\\\/en\\\/news-events\\\/con-il-grande-freddo-piu-rischi-per-il-cuore\\\/#breadcrumb\",\"itemListElement\":[{\"@type\":\"ListItem\",\"position\":1,\"name\":\"Home\",\"item\":\"https:\\\/\\\/www.policlinicogemelli.it\\\/en\\\/\"},{\"@type\":\"ListItem\",\"position\":2,\"name\":\"News and Events\",\"item\":\"https:\\\/\\\/www.policlinicogemelli.it\\\/en\\\/news-events\\\/\"},{\"@type\":\"ListItem\",\"position\":3,\"name\":\"Con il grande freddo pi\u00f9 rischi per il cuore\"}]},{\"@type\":\"WebSite\",\"@id\":\"https:\\\/\\\/www.policlinicogemelli.it\\\/en\\\/#website\",\"url\":\"https:\\\/\\\/www.policlinicogemelli.it\\\/en\\\/\",\"name\":\"Policlinico Universitario Agostino Gemelli IRCCS\",\"description\":\"Policlinico Universitario Agostino Gemelli IRCCS\",\"publisher\":{\"@id\":\"https:\\\/\\\/www.policlinicogemelli.it\\\/en\\\/#organization\"},\"potentialAction\":[{\"@type\":\"SearchAction\",\"target\":{\"@type\":\"EntryPoint\",\"urlTemplate\":\"https:\\\/\\\/www.policlinicogemelli.it\\\/en\\\/?s={search_term_string}\"},\"query-input\":{\"@type\":\"PropertyValueSpecification\",\"valueRequired\":true,\"valueName\":\"search_term_string\"}}],\"inLanguage\":\"en-US\"},{\"@type\":\"Organization\",\"@id\":\"https:\\\/\\\/www.policlinicogemelli.it\\\/en\\\/#organization\",\"name\":\"Policlinico Universitario Agostino Gemelli IRCCS\",\"url\":\"https:\\\/\\\/www.policlinicogemelli.it\\\/en\\\/\",\"logo\":{\"@type\":\"ImageObject\",\"inLanguage\":\"en-US\",\"@id\":\"https:\\\/\\\/www.policlinicogemelli.it\\\/en\\\/#\\\/schema\\\/logo\\\/image\\\/\",\"url\":\"https:\\\/\\\/www.policlinicogemelli.it\\\/wp-content\\\/uploads\\\/2019\\\/02\\\/logo-policlinico-gemelli-250-trasp-color-1.png\",\"contentUrl\":\"https:\\\/\\\/www.policlinicogemelli.it\\\/wp-content\\\/uploads\\\/2019\\\/02\\\/logo-policlinico-gemelli-250-trasp-color-1.png\",\"width\":250,\"height\":82,\"caption\":\"Policlinico Universitario Agostino Gemelli IRCCS\"},\"image\":{\"@id\":\"https:\\\/\\\/www.policlinicogemelli.it\\\/en\\\/#\\\/schema\\\/logo\\\/image\\\/\"}}]}<\/script>\n<!-- \/ Yoast SEO plugin. -->","yoast_head_json":{"title":"Con il grande freddo pi\u00f9 rischi per il cuore - Policlinico Universitario A. Gemelli IRCCS","robots":{"index":"index","follow":"follow","max-snippet":"max-snippet:-1","max-image-preview":"max-image-preview:large","max-video-preview":"max-video-preview:-1"},"canonical":"https:\/\/www.policlinicogemelli.it\/en\/news-events\/con-il-grande-freddo-piu-rischi-per-il-cuore\/","og_locale":"en_US","og_type":"article","og_title":"Con il grande freddo pi\u00f9 rischi per il cuore - Policlinico Universitario A. Gemelli IRCCS","og_description":"&#8220;Il gelo pu\u00f2 favorire spasmi delle arterie coronariche e peggiorare il quadro dei pazienti affetti da coronaropatie. Ma non solo&#8221;. Antonio Rebuzzi, direttore della UOC di Terapia intensiva cardiologica del Policlinico Universitario A. Gemelli IRCCS e associato di Malattie dell\u2019apparato cardiovascolare all\u2019Universit\u00e0 Cattolica, lo spiega in un\u2019intervista all&#8217;Adnkronos Salute. Secondo il professor&nbsp;Antonio Rebuzzi&nbsp;i pi\u00f9 vulnerabili [&hellip;]","og_url":"https:\/\/www.policlinicogemelli.it\/en\/news-events\/con-il-grande-freddo-piu-rischi-per-il-cuore\/","og_site_name":"Policlinico Universitario Agostino Gemelli IRCCS","og_image":[{"width":1200,"height":630,"url":"https:\/\/www.policlinicogemelli.it\/wp-content\/uploads\/2023\/06\/Share_Gemelli.png","type":"image\/png"}],"twitter_card":"summary_large_image","twitter_misc":{"Est. reading time":"2 minutes"},"schema":{"@context":"https:\/\/schema.org","@graph":[{"@type":"WebPage","@id":"https:\/\/www.policlinicogemelli.it\/en\/news-events\/con-il-grande-freddo-piu-rischi-per-il-cuore\/","url":"https:\/\/www.policlinicogemelli.it\/en\/news-events\/con-il-grande-freddo-piu-rischi-per-il-cuore\/","name":"Con il grande freddo pi\u00f9 rischi per il cuore - Policlinico Universitario A. Gemelli IRCCS","isPartOf":{"@id":"https:\/\/www.policlinicogemelli.it\/en\/#website"},"datePublished":"2019-01-29T15:44:42+00:00","breadcrumb":{"@id":"https:\/\/www.policlinicogemelli.it\/en\/news-events\/con-il-grande-freddo-piu-rischi-per-il-cuore\/#breadcrumb"},"inLanguage":"en-US","potentialAction":[{"@type":"ReadAction","target":["https:\/\/www.policlinicogemelli.it\/en\/news-events\/con-il-grande-freddo-piu-rischi-per-il-cuore\/"]}]},{"@type":"BreadcrumbList","@id":"https:\/\/www.policlinicogemelli.it\/en\/news-events\/con-il-grande-freddo-piu-rischi-per-il-cuore\/#breadcrumb","itemListElement":[{"@type":"ListItem","position":1,"name":"Home","item":"https:\/\/www.policlinicogemelli.it\/en\/"},{"@type":"ListItem","position":2,"name":"News and Events","item":"https:\/\/www.policlinicogemelli.it\/en\/news-events\/"},{"@type":"ListItem","position":3,"name":"Con il grande freddo pi\u00f9 rischi per il cuore"}]},{"@type":"WebSite","@id":"https:\/\/www.policlinicogemelli.it\/en\/#website","url":"https:\/\/www.policlinicogemelli.it\/en\/","name":"Policlinico Universitario Agostino Gemelli IRCCS","description":"Policlinico Universitario Agostino Gemelli IRCCS","publisher":{"@id":"https:\/\/www.policlinicogemelli.it\/en\/#organization"},"potentialAction":[{"@type":"SearchAction","target":{"@type":"EntryPoint","urlTemplate":"https:\/\/www.policlinicogemelli.it\/en\/?s={search_term_string}"},"query-input":{"@type":"PropertyValueSpecification","valueRequired":true,"valueName":"search_term_string"}}],"inLanguage":"en-US"},{"@type":"Organization","@id":"https:\/\/www.policlinicogemelli.it\/en\/#organization","name":"Policlinico Universitario Agostino Gemelli IRCCS","url":"https:\/\/www.policlinicogemelli.it\/en\/","logo":{"@type":"ImageObject","inLanguage":"en-US","@id":"https:\/\/www.policlinicogemelli.it\/en\/#\/schema\/logo\/image\/","url":"https:\/\/www.policlinicogemelli.it\/wp-content\/uploads\/2019\/02\/logo-policlinico-gemelli-250-trasp-color-1.png","contentUrl":"https:\/\/www.policlinicogemelli.it\/wp-content\/uploads\/2019\/02\/logo-policlinico-gemelli-250-trasp-color-1.png","width":250,"height":82,"caption":"Policlinico Universitario Agostino Gemelli IRCCS"},"image":{"@id":"https:\/\/www.policlinicogemelli.it\/en\/#\/schema\/logo\/image\/"}}]}},"rest_api_enabler":[],"_links":{"self":[{"href":"https:\/\/www.policlinicogemelli.it\/en\/wp-json\/wp\/v2\/news\/20504","targetHints":{"allow":["GET"]}}],"collection":[{"href":"https:\/\/www.policlinicogemelli.it\/en\/wp-json\/wp\/v2\/news"}],"about":[{"href":"https:\/\/www.policlinicogemelli.it\/en\/wp-json\/wp\/v2\/types\/kf_gem_news"}],"version-history":[{"count":0,"href":"https:\/\/www.policlinicogemelli.it\/en\/wp-json\/wp\/v2\/news\/20504\/revisions"}],"wp:attachment":[{"href":"https:\/\/www.policlinicogemelli.it\/en\/wp-json\/wp\/v2\/media?parent=20504"}],"wp:term":[{"taxonomy":"kf_gem_newscat","embeddable":true,"href":"https:\/\/www.policlinicogemelli.it\/en\/wp-json\/wp\/v2\/categorie?post=20504"}],"curies":[{"name":"wp","href":"https:\/\/api.w.org\/{rel}","templated":true}]}}